{"id":1161,"date":"2013-10-28T22:02:54","date_gmt":"2013-10-28T20:02:54","guid":{"rendered":"http:\/\/www.ffw-lauenstein.de\/?p=1161"},"modified":"2013-11-01T17:23:20","modified_gmt":"2013-11-01T15:23:20","slug":"lauensteiner-loeschtiger-gegruendet","status":"publish","type":"post","link":"https:\/\/www.ffw-lauenstein.de\/?p=1161","title":{"rendered":"Kinderfeuerwehr &#8222;Lauensteiner L\u00f6schtiger&#8220; gegr\u00fcndet"},"content":{"rendered":"<p>Nach\u00a0eineinhalbj\u00e4hriger Planung wurde am 21.10.2013 die Kinderfeuerwehr in Lauenstein gegr\u00fcndet. Sie ist die vierte im Flecken Salzhemmendorf und &#8222;die 24. Kinderfeuerwehr im Landkreis Hameln-Pyrmont&#8220;, wie der stellvertretende Kreisjugendwart Matthias Kutz im Rahmen einer kleinen Gr\u00fcndungsfeier betonte. Ortsb\u00fcrgermeister Horst Wichmann und Gemeindebrandmeister Walter Wiegmann schlossen sich den Gru\u00dfworten an und w\u00fcnschten der neugegr\u00fcndeten Kinderfeuerwehr gutes Gelingen.<\/p>\n<p>Die wichtigsten G\u00e4ste waren die Kinder und deren Eltern. Die Betreuer und Eltern sorgten mit Kaffee und belegten Br\u00f6tchen f\u00fcr das leibliche Wohl.<\/p>\n<p>Zur Zeit sind sieben Kinder zwischen 6 \u2013 10 Jahren Mitglieder der Lauensteiner L\u00f6schtiger, die\u00a0spielerisch\u00a0an die Aufgaben der Feuerwehr herangef\u00fchrt werden.\u00a0Sie treffen sich einmal im Monat auf einem Montag um 16:00 Uhr im Feuerwehrhaus Lauenstein. Betreut wird sie von Mandy Cyperski, Ute Cichy und Susanne Kasubke. Der n\u00e4chste Dienst findet am 18.November statt. Das Betreuerteam w\u00fcrde sich sehr freuen noch weitere interessierte Kinder dazukommen.<\/p>\n<p>Durch die Gr\u00fcndung der Kinderfeuerwehr hat die Freiwillige Feuerwehr Lauenstein neben der Jugendfeuerwehr, Jugendliche im Alter von 10-16 Jahre, einen weiteren Grundstein f\u00fcr Ihre Zukunft gelegt.<\/p>\n<p>&nbsp;<\/p>\n<p><a href=\"https:\/\/ffw-lauenstein.de\/wp-content\/uploads\/2013\/10\/Gr\u00fcndungsfoto-Kinderfeuerwehr-21.10.2013.jpg\"><img loading=\"lazy\" decoding=\"async\" class=\"alignnone size-full wp-image-1172\" alt=\"Gr\u00fcndungsfoto Kinderfeuerwehr 21.10.2013\" src=\"https:\/\/ffw-lauenstein.de\/wp-content\/uploads\/2013\/10\/Gr\u00fcndungsfoto-Kinderfeuerwehr-21.10.2013.jpg\" width=\"600\" height=\"400\" srcset=\"https:\/\/www.ffw-lauenstein.de\/wp-content\/uploads\/2013\/10\/Gr\u00fcndungsfoto-Kinderfeuerwehr-21.10.2013.jpg 600w, https:\/\/www.ffw-lauenstein.de\/wp-content\/uploads\/2013\/10\/Gr\u00fcndungsfoto-Kinderfeuerwehr-21.10.2013-300x200.jpg 300w, https:\/\/www.ffw-lauenstein.de\/wp-content\/uploads\/2013\/10\/Gr\u00fcndungsfoto-Kinderfeuerwehr-21.10.2013-150x100.jpg 150w\" sizes=\"auto, (max-width: 709px) 85vw, (max-width: 909px) 67vw, (max-width: 984px) 61vw, (max-width: 1362px) 45vw, 600px\" \/><\/a><\/p>\n","protected":false},"excerpt":{"rendered":"<p>Nach\u00a0eineinhalbj\u00e4hriger Planung wurde am 21.10.2013 die Kinderfeuerwehr in Lauenstein gegr\u00fcndet. Sie ist die vierte im Flecken Salzhemmendorf und &#8222;die 24. Kinderfeuerwehr im Landkreis Hameln-Pyrmont&#8220;, wie der stellvertretende Kreisjugendwart Matthias Kutz &hellip; <a href=\"https:\/\/www.ffw-lauenstein.de\/?p=1161\" class=\"more-link\"><span class=\"screen-reader-text\">\u201eKinderfeuerwehr &#8222;Lauensteiner L\u00f6schtiger&#8220; gegr\u00fcndet\u201c <\/span>weiterlesen<\/a><\/p>\n","protected":false},"author":4,"featured_media":0,"comment_status":"closed","ping_status":"open","sticky":false,"template":"","format":"standard","meta":{"ngg_post_thumbnail":0,"footnotes":""},"categories":[13,1],"tags":[],"class_list":["post-1161","post","type-post","status-publish","format-standard","hentry","category-sonstiges","category-veranstaltungen"],"_links":{"self":[{"href":"https:\/\/www.ffw-lauenstein.de\/index.php?rest_route=\/wp\/v2\/posts\/1161","targetHints":{"allow":["GET"]}}],"collection":[{"href":"https:\/\/www.ffw-lauenstein.de\/index.php?rest_route=\/wp\/v2\/posts"}],"about":[{"href":"https:\/\/www.ffw-lauenstein.de\/index.php?rest_route=\/wp\/v2\/types\/post"}],"author":[{"embeddable":true,"href":"https:\/\/www.ffw-lauenstein.de\/index.php?rest_route=\/wp\/v2\/users\/4"}],"replies":[{"embeddable":true,"href":"https:\/\/www.ffw-lauenstein.de\/index.php?rest_route=%2Fwp%2Fv2%2Fcomments&post=1161"}],"version-history":[{"count":7,"href":"https:\/\/www.ffw-lauenstein.de\/index.php?rest_route=\/wp\/v2\/posts\/1161\/revisions"}],"predecessor-version":[{"id":1186,"href":"https:\/\/www.ffw-lauenstein.de\/index.php?rest_route=\/wp\/v2\/posts\/1161\/revisions\/1186"}],"wp:attachment":[{"href":"https:\/\/www.ffw-lauenstein.de\/index.php?rest_route=%2Fwp%2Fv2%2Fmedia&parent=1161"}],"wp:term":[{"taxonomy":"category","embeddable":true,"href":"https:\/\/www.ffw-lauenstein.de\/index.php?rest_route=%2Fwp%2Fv2%2Fcategories&post=1161"},{"taxonomy":"post_tag","embeddable":true,"href":"https:\/\/www.ffw-lauenstein.de\/index.php?rest_route=%2Fwp%2Fv2%2Ftags&post=1161"}],"curies":[{"name":"wp","href":"https:\/\/api.w.org\/{rel}","templated":true}]}}