{"id":1200,"date":"2013-12-13T21:13:27","date_gmt":"2013-12-13T19:13:27","guid":{"rendered":"http:\/\/www.ffw-lauenstein.de\/?p=1200"},"modified":"2013-12-13T21:13:27","modified_gmt":"2013-12-13T19:13:27","slug":"sperrmuellbrand-in-salzhemmendorf","status":"publish","type":"post","link":"https:\/\/www.ffw-lauenstein.de\/?p=1200","title":{"rendered":"Sperrm\u00fcllbrand in Salzhemmendorf"},"content":{"rendered":"<p>Die Freiwillige Feuerwehr Lauenstein wurde in der Nacht zum Donnerstag, den 13.12.2013, zu einem unklaren Feuer gerufen. Die St\u00fctzpunktfeuerwehr Salzhemmendorf wurde ebenfalls um 02:36 Uhr alarmiert. Die Feuerwehr Lauenstein war gerade ausger\u00fcckt, da kam \u00fcber Funk die R\u00fcckmeldung das das unklare Feuer ein Sperrm\u00fcllbrand in der Brunnenstra\u00dfe in Salzhemmendorf war. Dadurch sollte Sie wieder einr\u00fccken und im Feuerwehrhaus\u00a0in Bereitschaft bleiben. Um 03:00 Uhr kam dann die Entwarnung f\u00fcr Lauenstein, Sie wurden an der Einsatzstelle nicht mehr ben\u00f6tigt.<\/p>\n","protected":false},"excerpt":{"rendered":"<p>Die Freiwillige Feuerwehr Lauenstein wurde in der Nacht zum Donnerstag, den 13.12.2013, zu einem unklaren Feuer gerufen. Die St\u00fctzpunktfeuerwehr Salzhemmendorf wurde ebenfalls um 02:36 Uhr alarmiert. Die Feuerwehr Lauenstein war &hellip; <a href=\"https:\/\/www.ffw-lauenstein.de\/?p=1200\" class=\"more-link\"><span class=\"screen-reader-text\">\u201eSperrm\u00fcllbrand in Salzhemmendorf\u201c <\/span>weiterlesen<\/a><\/p>\n","protected":false},"author":4,"featured_media":0,"comment_status":"closed","ping_status":"open","sticky":false,"template":"","format":"standard","meta":{"ngg_post_thumbnail":0,"footnotes":""},"categories":[7],"tags":[],"class_list":["post-1200","post","type-post","status-publish","format-standard","hentry","category-einsatze"],"_links":{"self":[{"href":"https:\/\/www.ffw-lauenstein.de\/index.php?rest_route=\/wp\/v2\/posts\/1200","targetHints":{"allow":["GET"]}}],"collection":[{"href":"https:\/\/www.ffw-lauenstein.de\/index.php?rest_route=\/wp\/v2\/posts"}],"about":[{"href":"https:\/\/www.ffw-lauenstein.de\/index.php?rest_route=\/wp\/v2\/types\/post"}],"author":[{"embeddable":true,"href":"https:\/\/www.ffw-lauenstein.de\/index.php?rest_route=\/wp\/v2\/users\/4"}],"replies":[{"embeddable":true,"href":"https:\/\/www.ffw-lauenstein.de\/index.php?rest_route=%2Fwp%2Fv2%2Fcomments&post=1200"}],"version-history":[{"count":1,"href":"https:\/\/www.ffw-lauenstein.de\/index.php?rest_route=\/wp\/v2\/posts\/1200\/revisions"}],"predecessor-version":[{"id":1201,"href":"https:\/\/www.ffw-lauenstein.de\/index.php?rest_route=\/wp\/v2\/posts\/1200\/revisions\/1201"}],"wp:attachment":[{"href":"https:\/\/www.ffw-lauenstein.de\/index.php?rest_route=%2Fwp%2Fv2%2Fmedia&parent=1200"}],"wp:term":[{"taxonomy":"category","embeddable":true,"href":"https:\/\/www.ffw-lauenstein.de\/index.php?rest_route=%2Fwp%2Fv2%2Fcategories&post=1200"},{"taxonomy":"post_tag","embeddable":true,"href":"https:\/\/www.ffw-lauenstein.de\/index.php?rest_route=%2Fwp%2Fv2%2Ftags&post=1200"}],"curies":[{"name":"wp","href":"https:\/\/api.w.org\/{rel}","templated":true}]}}