{"id":1394,"date":"2014-01-21T01:41:36","date_gmt":"2014-01-20T23:41:36","guid":{"rendered":"http:\/\/www.ffw-lauenstein.de\/?p=1394"},"modified":"2014-01-21T01:42:59","modified_gmt":"2014-01-20T23:42:59","slug":"bericht-zur-jahreshauptversammlung-2014","status":"publish","type":"post","link":"https:\/\/www.ffw-lauenstein.de\/?p=1394","title":{"rendered":"Bericht zur Jahreshauptversammlung 2014"},"content":{"rendered":"<p>Ein ereignisreiches Jahr 2014 erwarten\u00a0die Kameradinnen und Kameraden der\u00a0Freiwilligen Feuerwehr Lauenstein.\u00a0Den H\u00f6hepunkt bildet dabei das Scheunenfest, das anl\u00e4sslich des 90-j\u00e4hrigen Bestehens vom 23. bis 25.Mai \u201eIm Winkel\u201c stattfindet.<\/p>\n<p>Aber auch das Vorjahr war sehr ereignisreich \u2013 mit H\u00f6hen und Tiefen.<\/p>\n<p>Bei der Jahreshauptversammlung im Januar 2013 hatte Uwe Fahrenkamp nach 25 Jahren sein Amt als Ortsbrandsmeister an dessen Stellvertreter Hubert Brock \u00fcbergeben. Der pl\u00f6tzliche Tod von Uwe Fahrenkamp im Juli hatte die Lauensteiner Brandsch\u00fctzer sehr getroffen.<\/p>\n<p>Die neue F\u00fchrungsriege um Hubert Brock und Matthias Kutz hatte 2013 viel zu tun. Unter anderem wurde ein F\u00f6rderverein gegr\u00fcndet, dem derzeit 125 Mitglieder angeh\u00f6ren.<\/p>\n<p>Au\u00dferdem konnte im Oktober die Kinderfeuerwehr gegr\u00fcndet werden, bei der momentan 8 Kinder im Alter von\u00a06 bis 10 Jahren mitmachen.<\/p>\n<p>Bei der diesj\u00e4hrigen Jahreshauptversammlung berichtete\u00a0Ortsbrandmeister Hubert Brock, dass die 42 Aktiven der insgesamt 421 Mitglieder z\u00e4hlenden Wehr bei drei Br\u00e4nden alarmiert wurden und zu sechs Hilfeleistungen ausr\u00fcckten. Insgesamt leistete die Einsatzabteilung 3.074,5 Dienststunden.<\/p>\n<p>Der Spielmannszug der Freiwilligen Feuerwehr hatte im Vorjahr acht Auftritte zu verzeichnen, wie Schriftf\u00fchrerin Vanessa Giese berichtete.<\/p>\n<p>Der anwesende Kreisbrandmeister Frank W\u00f6bbecke nahm die Ehrung von seinem Stellvertreter Frank M\u00fcller vor, der seit 40 Jahren Mitglied der Feuerwehr \u00a0ist.\u00a0Mark Wendlandt wurde f\u00fcr 25-j\u00e4hrige Treue geehrt.<\/p>\n<p>Au\u00dferdem wurden Bernd Hoffmann zum L\u00f6schmeister und Mark Wendlandt zum 1.Hauptfeuerwehrmann bef\u00f6rdert. Des weiteren tragen Ferenc Bockstiegel, Henning Brock und Robert Schnell zuk\u00fcnftig den Dienstgrad Oberfeuerwehrmann.<\/p>\n<p>Der langj\u00e4hrige Jugendwart Daniel Jermis \u00fcbergab in der Versammlung sein Amt an Jens Brock, dessen Stellvertreter Patrick Gr\u00fctz wird.<\/p>\n<p>&nbsp;<\/p>\n<figure id=\"attachment_1395\" aria-describedby=\"caption-attachment-1395\" style=\"width: 441px\" class=\"wp-caption aligncenter\"><a href=\"https:\/\/ffw-lauenstein.de\/wp-content\/uploads\/2014\/01\/IMG_1381.jpg\"><img loading=\"lazy\" decoding=\"async\" class=\" wp-image-1395 \" alt=\"IMG_1381\" src=\"https:\/\/ffw-lauenstein.de\/wp-content\/uploads\/2014\/01\/IMG_1381.jpg\" width=\"441\" height=\"331\" srcset=\"https:\/\/www.ffw-lauenstein.de\/wp-content\/uploads\/2014\/01\/IMG_1381.jpg 1500w, https:\/\/www.ffw-lauenstein.de\/wp-content\/uploads\/2014\/01\/IMG_1381-300x225.jpg 300w, https:\/\/www.ffw-lauenstein.de\/wp-content\/uploads\/2014\/01\/IMG_1381-1024x768.jpg 1024w\" sizes=\"auto, (max-width: 441px) 85vw, 441px\" \/><\/a><figcaption id=\"caption-attachment-1395\" class=\"wp-caption-text\">Das Kommando der FFW Lauenstein mit den Geehrten und Bef\u00f6rderten,<br \/>rechts im Bild: Kreisbrandmeister Frank W\u00f6bbecke<\/figcaption><\/figure>\n","protected":false},"excerpt":{"rendered":"<p>Ein ereignisreiches Jahr 2014 erwarten\u00a0die Kameradinnen und Kameraden der\u00a0Freiwilligen Feuerwehr Lauenstein.\u00a0Den H\u00f6hepunkt bildet dabei das Scheunenfest, das anl\u00e4sslich des 90-j\u00e4hrigen Bestehens vom 23. bis 25.Mai \u201eIm Winkel\u201c stattfindet. Aber auch &hellip; <a href=\"https:\/\/www.ffw-lauenstein.de\/?p=1394\" class=\"more-link\"><span class=\"screen-reader-text\">\u201eBericht zur Jahreshauptversammlung 2014\u201c <\/span>weiterlesen<\/a><\/p>\n","protected":false},"author":3,"featured_media":0,"comment_status":"closed","ping_status":"open","sticky":false,"template":"","format":"standard","meta":{"ngg_post_thumbnail":0,"footnotes":""},"categories":[11],"tags":[],"class_list":["post-1394","post","type-post","status-publish","format-standard","hentry","category-presseberichte-allgmein"],"_links":{"self":[{"href":"https:\/\/www.ffw-lauenstein.de\/index.php?rest_route=\/wp\/v2\/posts\/1394","targetHints":{"allow":["GET"]}}],"collection":[{"href":"https:\/\/www.ffw-lauenstein.de\/index.php?rest_route=\/wp\/v2\/posts"}],"about":[{"href":"https:\/\/www.ffw-lauenstein.de\/index.php?rest_route=\/wp\/v2\/types\/post"}],"author":[{"embeddable":true,"href":"https:\/\/www.ffw-lauenstein.de\/index.php?rest_route=\/wp\/v2\/users\/3"}],"replies":[{"embeddable":true,"href":"https:\/\/www.ffw-lauenstein.de\/index.php?rest_route=%2Fwp%2Fv2%2Fcomments&post=1394"}],"version-history":[{"count":2,"href":"https:\/\/www.ffw-lauenstein.de\/index.php?rest_route=\/wp\/v2\/posts\/1394\/revisions"}],"predecessor-version":[{"id":1397,"href":"https:\/\/www.ffw-lauenstein.de\/index.php?rest_route=\/wp\/v2\/posts\/1394\/revisions\/1397"}],"wp:attachment":[{"href":"https:\/\/www.ffw-lauenstein.de\/index.php?rest_route=%2Fwp%2Fv2%2Fmedia&parent=1394"}],"wp:term":[{"taxonomy":"category","embeddable":true,"href":"https:\/\/www.ffw-lauenstein.de\/index.php?rest_route=%2Fwp%2Fv2%2Fcategories&post=1394"},{"taxonomy":"post_tag","embeddable":true,"href":"https:\/\/www.ffw-lauenstein.de\/index.php?rest_route=%2Fwp%2Fv2%2Ftags&post=1394"}],"curies":[{"name":"wp","href":"https:\/\/api.w.org\/{rel}","templated":true}]}}