{"id":1495,"date":"2014-05-14T20:18:38","date_gmt":"2014-05-14T18:18:38","guid":{"rendered":"http:\/\/www.ffw-lauenstein.de\/?p=1495"},"modified":"2014-05-14T20:35:25","modified_gmt":"2014-05-14T18:35:25","slug":"vorbereitungen-fuer-das-feuerwehrfest-laufen-auf-hochtouren","status":"publish","type":"post","link":"https:\/\/www.ffw-lauenstein.de\/?p=1495","title":{"rendered":"Vorbereitungen f\u00fcr das Feuerwehrfest laufen auf Hochtouren"},"content":{"rendered":"<p>Die Aufbauarbeiten f\u00fcr das Feuerwehrfest zum 90-j\u00e4hrigen Bestehen der Freiwilligen Feuerwehr Lauenstein sind voll im Gange. Nach dem die Scheune. in dem der Gro\u00dfteil des Festes stattfindet, ausger\u00e4umt worden ist, hat man Dachbalken, W\u00e4nde und den Boden von einer dicken Staubschicht befreit. Danach haben Helfer den Boden f\u00fcr den Tresen aufgebaut. Nach und nach wurden Folien und Tarnnetze\u00a0als Sichtschutz montiert. Des weiteren haben mehrere Helfer die B\u00fchne f\u00fcr die Band, den DJ und die Redner aufgebaut. Die n\u00e4chsten Arbeiten laufen in den n\u00e4chsten Tagen, damit das Feuerwehrfest wieder ein guter Erfolg f\u00fcr alle Teilnehmer wird.<\/p>\n<p><a class=\"shutterset_\" title=\" \" href=\"https:\/\/ffw-lauenstein.de\/wp-content\/gallery\/feuerwehrfest-2014\/Aufbau_1.jpg\" data-src=\"https:\/\/ffw-lauenstein.de\/wp-content\/gallery\/feuerwehrfest-2014\/Aufbau_1.jpg\" data-description=\" \" data-title=\"Aufbau_1\" data-thumbnail=\"https:\/\/ffw-lauenstein.de\/wp-content\/gallery\/feuerwehrfest-2014\/thumbs\/thumbs_Aufbau_1.jpg\" data-image-id=\"230\">ngg_shortcode_0_placeholder<\/a><\/p>\nngg_shortcode_1_placeholder\nngg_shortcode_2_placeholder\nngg_shortcode_3_placeholder\nngg_shortcode_4_placeholder\n","protected":false},"excerpt":{"rendered":"<p>Die Aufbauarbeiten f\u00fcr das Feuerwehrfest zum 90-j\u00e4hrigen Bestehen der Freiwilligen Feuerwehr Lauenstein sind voll im Gange. Nach dem die Scheune. in dem der Gro\u00dfteil des Festes stattfindet, ausger\u00e4umt worden ist, &hellip; <a href=\"https:\/\/www.ffw-lauenstein.de\/?p=1495\" class=\"more-link\"><span class=\"screen-reader-text\">\u201eVorbereitungen f\u00fcr das Feuerwehrfest laufen auf Hochtouren\u201c <\/span>weiterlesen<\/a><\/p>\n","protected":false},"author":4,"featured_media":1509,"comment_status":"closed","ping_status":"open","sticky":false,"template":"","format":"standard","meta":{"ngg_post_thumbnail":0,"footnotes":""},"categories":[1],"tags":[],"class_list":["post-1495","post","type-post","status-publish","format-standard","has-post-thumbnail","hentry","category-veranstaltungen"],"_links":{"self":[{"href":"https:\/\/www.ffw-lauenstein.de\/index.php?rest_route=\/wp\/v2\/posts\/1495","targetHints":{"allow":["GET"]}}],"collection":[{"href":"https:\/\/www.ffw-lauenstein.de\/index.php?rest_route=\/wp\/v2\/posts"}],"about":[{"href":"https:\/\/www.ffw-lauenstein.de\/index.php?rest_route=\/wp\/v2\/types\/post"}],"author":[{"embeddable":true,"href":"https:\/\/www.ffw-lauenstein.de\/index.php?rest_route=\/wp\/v2\/users\/4"}],"replies":[{"embeddable":true,"href":"https:\/\/www.ffw-lauenstein.de\/index.php?rest_route=%2Fwp%2Fv2%2Fcomments&post=1495"}],"version-history":[{"count":3,"href":"https:\/\/www.ffw-lauenstein.de\/index.php?rest_route=\/wp\/v2\/posts\/1495\/revisions"}],"predecessor-version":[{"id":1511,"href":"https:\/\/www.ffw-lauenstein.de\/index.php?rest_route=\/wp\/v2\/posts\/1495\/revisions\/1511"}],"wp:featuredmedia":[{"embeddable":true,"href":"https:\/\/www.ffw-lauenstein.de\/index.php?rest_route=\/wp\/v2\/media\/1509"}],"wp:attachment":[{"href":"https:\/\/www.ffw-lauenstein.de\/index.php?rest_route=%2Fwp%2Fv2%2Fmedia&parent=1495"}],"wp:term":[{"taxonomy":"category","embeddable":true,"href":"https:\/\/www.ffw-lauenstein.de\/index.php?rest_route=%2Fwp%2Fv2%2Fcategories&post=1495"},{"taxonomy":"post_tag","embeddable":true,"href":"https:\/\/www.ffw-lauenstein.de\/index.php?rest_route=%2Fwp%2Fv2%2Ftags&post=1495"}],"curies":[{"name":"wp","href":"https:\/\/api.w.org\/{rel}","templated":true}]}}