{"id":1528,"date":"2014-06-08T01:06:35","date_gmt":"2014-06-07T23:06:35","guid":{"rendered":"http:\/\/www.ffw-lauenstein.de\/?p=1528"},"modified":"2014-06-08T01:06:35","modified_gmt":"2014-06-07T23:06:35","slug":"feuerwehrfest-90-jahre-ffw-lauenstein","status":"publish","type":"post","link":"https:\/\/www.ffw-lauenstein.de\/?p=1528","title":{"rendered":"Feuerwehrfest &#8222;90 Jahre FFW Lauenstein&#8220;"},"content":{"rendered":"<p>90 Jahre Freiwillige Feuerwehr waren Grund genug, diesen Anlass mit einem dreit\u00e4gigen Scheunenfest auf dem Hof der Familie Renziehausen-Philipps &#8222;Im Winkel 7&#8220; zu feiern.<\/p>\n<p>Der Auftakt hierzu war der Kommersmarsch am Freitagabend.\u00a0Die Einsatzabteilung, die Jugendfeuerwehr, die Kinderfeuerwehr und der Spielmannszug marschierten entlang der &#8222;Hemmendorfer Stra\u00dfe&#8220; und &#8222;Im Flecken&#8220; zum Festplatz.<\/p>\n<p>Dort begr\u00fc\u00dfte Ortsbrandmeister Hubert Brock die geladenen den stellvetretenden Kreisbrandmeister Frank M\u00fcller, den Gemeindebrandmeister Walter Wiegmann sowie G\u00e4ste aus Rat und Verwaltung und die Vorsitzenden zahlreicher Lauensteiner Feuerwehr. Neben den historischen Gegebenheiten betonten viele Gastredner auch die besondere Einsatzbereitschaft der FFW Lauenstein im Ort &#8211; nach dem Motto &#8222;Sie sind immer da, wenn man sie braucht und stellen einen wichtigen Bestandteil f\u00fcr unsere Dorfgemeinschaft dar.&#8220;<\/p>\n<p>Nach dem offiziellen Teil heizte &#8222;DJ Atze&#8220; mit einem buntgemischter Partymusik bis in den fr\u00fchen Morgen ein.<\/p>\n<p>Am Samstag-Nachmittag trafen 28 Wehren und Vereine zum \u00a0Festumzug ein.<\/p>\n<p>Am Abend war dann wieder Partystimmung beim &#8222;Tanz auf der Tenne&#8220; mit der Band &#8222;Happy Connection&#8220; angesagt.<\/p>\n<p>Am Sonntagmorgen fand der Festgottesdienst statt, der vom Bl\u00e4serkorps Hemmendorf musikalisch begleitet wurde.<\/p>\n<p>Im Anschluss lie\u00dfen sich etwa 150 G\u00e4ste das Katervesper schmecken.<\/p>\n<p>Mit einem &#8222;Bunten Spiel- und Spa\u00dfnachmittag&#8220;, den die Jugendfeuerwehr und die Kinderfeuerwehr bei herrlichem Wetter anbot, klang das Feuerwehrfest allm\u00e4hlich aus.<\/p>\n<p>Ortsbrandmeister Hubert Brock war nach intensiven Vorbereitungen und Arbeitseins\u00e4tzen mit dem Verlauf des Festes und &#8222;der Resonanz sehr zufrieden&#8220;.<\/p>\n<p>&nbsp;<\/p>\n<p>&nbsp;<\/p>\n<p>(Fotos folgen in K\u00fcrze)<\/p>\n<p>&nbsp;<\/p>\n<p>&nbsp;<\/p>\n<p>&nbsp;<\/p>\n<p>&nbsp;<\/p>\n<p>&nbsp;<\/p>\n","protected":false},"excerpt":{"rendered":"<p>90 Jahre Freiwillige Feuerwehr waren Grund genug, diesen Anlass mit einem dreit\u00e4gigen Scheunenfest auf dem Hof der Familie Renziehausen-Philipps &#8222;Im Winkel 7&#8220; zu feiern. Der Auftakt hierzu war der Kommersmarsch &hellip; <a href=\"https:\/\/www.ffw-lauenstein.de\/?p=1528\" class=\"more-link\"><span class=\"screen-reader-text\">\u201eFeuerwehrfest &#8222;90 Jahre FFW Lauenstein&#8220;\u201c <\/span>weiterlesen<\/a><\/p>\n","protected":false},"author":3,"featured_media":0,"comment_status":"closed","ping_status":"open","sticky":false,"template":"","format":"standard","meta":{"ngg_post_thumbnail":0,"footnotes":""},"categories":[1],"tags":[],"class_list":["post-1528","post","type-post","status-publish","format-standard","hentry","category-veranstaltungen"],"_links":{"self":[{"href":"https:\/\/www.ffw-lauenstein.de\/index.php?rest_route=\/wp\/v2\/posts\/1528","targetHints":{"allow":["GET"]}}],"collection":[{"href":"https:\/\/www.ffw-lauenstein.de\/index.php?rest_route=\/wp\/v2\/posts"}],"about":[{"href":"https:\/\/www.ffw-lauenstein.de\/index.php?rest_route=\/wp\/v2\/types\/post"}],"author":[{"embeddable":true,"href":"https:\/\/www.ffw-lauenstein.de\/index.php?rest_route=\/wp\/v2\/users\/3"}],"replies":[{"embeddable":true,"href":"https:\/\/www.ffw-lauenstein.de\/index.php?rest_route=%2Fwp%2Fv2%2Fcomments&post=1528"}],"version-history":[{"count":2,"href":"https:\/\/www.ffw-lauenstein.de\/index.php?rest_route=\/wp\/v2\/posts\/1528\/revisions"}],"predecessor-version":[{"id":1530,"href":"https:\/\/www.ffw-lauenstein.de\/index.php?rest_route=\/wp\/v2\/posts\/1528\/revisions\/1530"}],"wp:attachment":[{"href":"https:\/\/www.ffw-lauenstein.de\/index.php?rest_route=%2Fwp%2Fv2%2Fmedia&parent=1528"}],"wp:term":[{"taxonomy":"category","embeddable":true,"href":"https:\/\/www.ffw-lauenstein.de\/index.php?rest_route=%2Fwp%2Fv2%2Fcategories&post=1528"},{"taxonomy":"post_tag","embeddable":true,"href":"https:\/\/www.ffw-lauenstein.de\/index.php?rest_route=%2Fwp%2Fv2%2Ftags&post=1528"}],"curies":[{"name":"wp","href":"https:\/\/api.w.org\/{rel}","templated":true}]}}