{"id":1547,"date":"2014-07-01T18:00:55","date_gmt":"2014-07-01T16:00:55","guid":{"rendered":"http:\/\/www.ffw-lauenstein.de\/?p=1547"},"modified":"2014-07-01T18:01:19","modified_gmt":"2014-07-01T16:01:19","slug":"waldbranduebung-in-der-heide","status":"publish","type":"post","link":"https:\/\/www.ffw-lauenstein.de\/?p=1547","title":{"rendered":"Waldbrand\u00fcbung in der Heide"},"content":{"rendered":"<p>Die Kreisbereitschaft Ost des Landkreises Hameln-Pyrmont hat an einer 2-Tage\u00fcbung im Heidekreis teilgenommen. Abfahrt der KFB-Ost war am 26.06.2014 um 16:30 Uhr. Die Ortsfeuerwehr Lauenstein geh\u00f6rt dem 3. Zug der KFB-Ost an und \u00fcbernimmt die Aufgabe der Wasserf\u00f6rderung durch lange Wegestrecke.\u00a0Nach gut 2.5 Stunden fahrt hat die KFB-Ost Ihren Bereitstellungsraum im Landkreis Heidekreis erreicht. Kurz danach wurde\u00a0Sie zu einem Hallenbrand eines gro\u00dfen Logistikzentrums alarmiert. Neben der Brandbek\u00e4mpfung auf das Objekt, hat man eine Riegelstellung auf eine benachbarte Lagerhalle vorgenommen, um diese zu sch\u00fctzen. Aufgabe des 3. Zuges war es gen\u00fcgend L\u00f6schwasser in Richtung Einsatzstelle zu f\u00f6rdern. Die Wasserentnahmestelle war ein in ca.\u00a0800m entfernter Bach.\u00a0\u00a0Nach \u00dcbungsende hat sich die Truppe bei leckerem Abendbrot gest\u00e4rkt. Am n\u00e4chsten Morgen, nach dem Fr\u00fchst\u00fcck, wurde die KFB-Ost zum n\u00e4chsten Einsatzgebiet gerufen. Mit Unterst\u00fctzung eines Wassertransportzuges des Heidekreises hat die KFB-Ost eine Brandausbreitung im Waldgebiet verhindert und eine Biogasanlage gesch\u00fctzt. Auch hierbei hat der 3. Zug eine L\u00f6schwasserf\u00f6rderstrecke von\u00a0ca.\u00a01000m aufgebaut. Mit dem Einsatz mehrerer Tragkraftspritzen kam gen\u00fcgend L\u00f6schwasser an den Strahlrohren an. Als das Einsatzszenario erfolgreich erledigt worden war, hat sich die Truppe nochmal versorgt. Danach fuhr die Kreisbereitschaft Ost in Richtung Heimat.<\/p>\n","protected":false},"excerpt":{"rendered":"<p>Die Kreisbereitschaft Ost des Landkreises Hameln-Pyrmont hat an einer 2-Tage\u00fcbung im Heidekreis teilgenommen. Abfahrt der KFB-Ost war am 26.06.2014 um 16:30 Uhr. Die Ortsfeuerwehr Lauenstein geh\u00f6rt dem 3. Zug der &hellip; <a href=\"https:\/\/www.ffw-lauenstein.de\/?p=1547\" class=\"more-link\"><span class=\"screen-reader-text\">\u201eWaldbrand\u00fcbung in der Heide\u201c <\/span>weiterlesen<\/a><\/p>\n","protected":false},"author":4,"featured_media":0,"comment_status":"closed","ping_status":"open","sticky":false,"template":"","format":"standard","meta":{"ngg_post_thumbnail":0,"footnotes":""},"categories":[13],"tags":[],"class_list":["post-1547","post","type-post","status-publish","format-standard","hentry","category-sonstiges"],"_links":{"self":[{"href":"https:\/\/www.ffw-lauenstein.de\/index.php?rest_route=\/wp\/v2\/posts\/1547","targetHints":{"allow":["GET"]}}],"collection":[{"href":"https:\/\/www.ffw-lauenstein.de\/index.php?rest_route=\/wp\/v2\/posts"}],"about":[{"href":"https:\/\/www.ffw-lauenstein.de\/index.php?rest_route=\/wp\/v2\/types\/post"}],"author":[{"embeddable":true,"href":"https:\/\/www.ffw-lauenstein.de\/index.php?rest_route=\/wp\/v2\/users\/4"}],"replies":[{"embeddable":true,"href":"https:\/\/www.ffw-lauenstein.de\/index.php?rest_route=%2Fwp%2Fv2%2Fcomments&post=1547"}],"version-history":[{"count":1,"href":"https:\/\/www.ffw-lauenstein.de\/index.php?rest_route=\/wp\/v2\/posts\/1547\/revisions"}],"predecessor-version":[{"id":1548,"href":"https:\/\/www.ffw-lauenstein.de\/index.php?rest_route=\/wp\/v2\/posts\/1547\/revisions\/1548"}],"wp:attachment":[{"href":"https:\/\/www.ffw-lauenstein.de\/index.php?rest_route=%2Fwp%2Fv2%2Fmedia&parent=1547"}],"wp:term":[{"taxonomy":"category","embeddable":true,"href":"https:\/\/www.ffw-lauenstein.de\/index.php?rest_route=%2Fwp%2Fv2%2Fcategories&post=1547"},{"taxonomy":"post_tag","embeddable":true,"href":"https:\/\/www.ffw-lauenstein.de\/index.php?rest_route=%2Fwp%2Fv2%2Ftags&post=1547"}],"curies":[{"name":"wp","href":"https:\/\/api.w.org\/{rel}","templated":true}]}}