{"id":1560,"date":"2014-07-24T20:17:52","date_gmt":"2014-07-24T18:17:52","guid":{"rendered":"http:\/\/www.ffw-lauenstein.de\/?p=1560"},"modified":"2014-07-24T20:18:01","modified_gmt":"2014-07-24T18:18:01","slug":"tueroeffnung-im-rennenberg","status":"publish","type":"post","link":"https:\/\/www.ffw-lauenstein.de\/?p=1560","title":{"rendered":"T\u00fcr\u00f6ffnung im Rennenberg"},"content":{"rendered":"<p>Am sp\u00e4ten Mittwochabend des 23.07.2014 hat der Rettungsdienst die Freiwillige Feuerwehr Lauenstein zur Unterst\u00fctzung\u00a0einer T\u00fcr\u00f6ffnung gerufen. Zuvor hatte das Ortskommando der FFW Lauenstein eine Kommandositzung mit anschie\u00dfendem Grillen, auch die Partner wurden dazu\u00a0eingeladen. Um ca. 21:30 Uhr wurde die Feuerwehr alarmiert. An der Einsatzstelle angekommen hat man mit dem Rettungsdienst kommuniziert um die weiteren Einsatzma\u00dfnahmen zu kl\u00e4ren. Zun\u00e4chst wurde eine 2-teilige Steckleiter aufgebaut, damit der Rettungsdienst durch ein offenes Fenster im 1. Obergeschoss\u00a0in das verschlossene Geb\u00e4ude einsehen konnte. Nachbarn haben den Rettungsdienst gerufen, weil Sie die Person seit l\u00e4ngerer Zeit nicht mehr gesehen haben. Au\u00dferdem hat es am Geb\u00e4ude merkw\u00fcrdig gerochen. Als der Notarzt und die Polizei an der Einsatzstelle angekommen\u00a0waren, haben zwei Kameraden der Feuerwehr das Geb\u00e4ude \u00fcber die Steckleiter betreten und die Haust\u00fcr von innen ge\u00f6ffnet. Der Notarzt konnte nur noch den Tod der vermissten Person feststellen. Die Bergung hat ein Bestattungsunternehmen \u00fcbernommen.<\/p>\n","protected":false},"excerpt":{"rendered":"<p>Am sp\u00e4ten Mittwochabend des 23.07.2014 hat der Rettungsdienst die Freiwillige Feuerwehr Lauenstein zur Unterst\u00fctzung\u00a0einer T\u00fcr\u00f6ffnung gerufen. Zuvor hatte das Ortskommando der FFW Lauenstein eine Kommandositzung mit anschie\u00dfendem Grillen, auch die &hellip; <a href=\"https:\/\/www.ffw-lauenstein.de\/?p=1560\" class=\"more-link\"><span class=\"screen-reader-text\">\u201eT\u00fcr\u00f6ffnung im Rennenberg\u201c <\/span>weiterlesen<\/a><\/p>\n","protected":false},"author":4,"featured_media":0,"comment_status":"closed","ping_status":"open","sticky":false,"template":"","format":"standard","meta":{"ngg_post_thumbnail":0,"footnotes":""},"categories":[1],"tags":[],"class_list":["post-1560","post","type-post","status-publish","format-standard","hentry","category-veranstaltungen"],"_links":{"self":[{"href":"https:\/\/www.ffw-lauenstein.de\/index.php?rest_route=\/wp\/v2\/posts\/1560","targetHints":{"allow":["GET"]}}],"collection":[{"href":"https:\/\/www.ffw-lauenstein.de\/index.php?rest_route=\/wp\/v2\/posts"}],"about":[{"href":"https:\/\/www.ffw-lauenstein.de\/index.php?rest_route=\/wp\/v2\/types\/post"}],"author":[{"embeddable":true,"href":"https:\/\/www.ffw-lauenstein.de\/index.php?rest_route=\/wp\/v2\/users\/4"}],"replies":[{"embeddable":true,"href":"https:\/\/www.ffw-lauenstein.de\/index.php?rest_route=%2Fwp%2Fv2%2Fcomments&post=1560"}],"version-history":[{"count":1,"href":"https:\/\/www.ffw-lauenstein.de\/index.php?rest_route=\/wp\/v2\/posts\/1560\/revisions"}],"predecessor-version":[{"id":1561,"href":"https:\/\/www.ffw-lauenstein.de\/index.php?rest_route=\/wp\/v2\/posts\/1560\/revisions\/1561"}],"wp:attachment":[{"href":"https:\/\/www.ffw-lauenstein.de\/index.php?rest_route=%2Fwp%2Fv2%2Fmedia&parent=1560"}],"wp:term":[{"taxonomy":"category","embeddable":true,"href":"https:\/\/www.ffw-lauenstein.de\/index.php?rest_route=%2Fwp%2Fv2%2Fcategories&post=1560"},{"taxonomy":"post_tag","embeddable":true,"href":"https:\/\/www.ffw-lauenstein.de\/index.php?rest_route=%2Fwp%2Fv2%2Ftags&post=1560"}],"curies":[{"name":"wp","href":"https:\/\/api.w.org\/{rel}","templated":true}]}}