{"id":1572,"date":"2014-08-24T22:59:03","date_gmt":"2014-08-24T20:59:03","guid":{"rendered":"http:\/\/www.ffw-lauenstein.de\/?p=1572"},"modified":"2014-08-25T20:34:51","modified_gmt":"2014-08-25T18:34:51","slug":"saege-einsatz-im-buergerpark","status":"publish","type":"post","link":"https:\/\/www.ffw-lauenstein.de\/?p=1572","title":{"rendered":"S\u00e4ge-Einsatz im B\u00fcrgerpark"},"content":{"rendered":"<p>Am Sonntag, den 17.August wurde die FFW Lauenstein gegen 16 Uhr zu einem Einsatz in den B\u00fcrgerpark gerufen.<\/p>\n<p>Dort war nach einem starken Sturm ein etwa sechs Meter langer Ast einer sehr m\u00e4chtigen Weide abgebrochen.<\/p>\n<p>Die Arbeiten mit der Motors\u00e4ge gestalteten sich schwierig und ziemlich riskant, da sich der abgebrochene Ast mit anderen gro\u00dfen \u00c4sten verkeilt hatte und auch noch teilweise am Hauptstamm hing.<\/p>\n<p>Zeitweise wurde der Ast mit einer Feuerwehrleine gesichert und &#8222;gelenkt&#8220;.<\/p>\n<p>Gegen 17.15 Uhr war der Einsatz beendet.<\/p>\n<p>Das Bauamt des Fleckens Salzhemmendorf hat mittlerweile entschieden, dass der Baum komplett gef\u00e4llt werden muss.<\/p>\n<p>&nbsp;<\/p>\n<p><a href=\"https:\/\/ffw-lauenstein.de\/wp-content\/uploads\/2014\/08\/B\u00fcrgerpark_17.8.2014.jpg\"><img loading=\"lazy\" decoding=\"async\" class=\"aligncenter size-full wp-image-1575\" src=\"https:\/\/ffw-lauenstein.de\/wp-content\/uploads\/2014\/08\/B\u00fcrgerpark_17.8.2014.jpg\" alt=\"B\u00fcrgerpark_17.8.2014\" width=\"267\" height=\"400\" srcset=\"https:\/\/www.ffw-lauenstein.de\/wp-content\/uploads\/2014\/08\/B\u00fcrgerpark_17.8.2014.jpg 267w, https:\/\/www.ffw-lauenstein.de\/wp-content\/uploads\/2014\/08\/B\u00fcrgerpark_17.8.2014-200x300.jpg 200w\" sizes=\"auto, (max-width: 267px) 85vw, 267px\" \/><\/a><\/p>\n<p>&nbsp;<\/p>\n<p>&nbsp;<\/p>\n<p>&nbsp;<\/p>\n","protected":false},"excerpt":{"rendered":"<p>Am Sonntag, den 17.August wurde die FFW Lauenstein gegen 16 Uhr zu einem Einsatz in den B\u00fcrgerpark gerufen. Dort war nach einem starken Sturm ein etwa sechs Meter langer Ast &hellip; <a href=\"https:\/\/www.ffw-lauenstein.de\/?p=1572\" class=\"more-link\"><span class=\"screen-reader-text\">\u201eS\u00e4ge-Einsatz im B\u00fcrgerpark\u201c <\/span>weiterlesen<\/a><\/p>\n","protected":false},"author":3,"featured_media":0,"comment_status":"closed","ping_status":"open","sticky":false,"template":"","format":"standard","meta":{"ngg_post_thumbnail":0,"footnotes":""},"categories":[7],"tags":[],"class_list":["post-1572","post","type-post","status-publish","format-standard","hentry","category-einsatze"],"_links":{"self":[{"href":"https:\/\/www.ffw-lauenstein.de\/index.php?rest_route=\/wp\/v2\/posts\/1572","targetHints":{"allow":["GET"]}}],"collection":[{"href":"https:\/\/www.ffw-lauenstein.de\/index.php?rest_route=\/wp\/v2\/posts"}],"about":[{"href":"https:\/\/www.ffw-lauenstein.de\/index.php?rest_route=\/wp\/v2\/types\/post"}],"author":[{"embeddable":true,"href":"https:\/\/www.ffw-lauenstein.de\/index.php?rest_route=\/wp\/v2\/users\/3"}],"replies":[{"embeddable":true,"href":"https:\/\/www.ffw-lauenstein.de\/index.php?rest_route=%2Fwp%2Fv2%2Fcomments&post=1572"}],"version-history":[{"count":3,"href":"https:\/\/www.ffw-lauenstein.de\/index.php?rest_route=\/wp\/v2\/posts\/1572\/revisions"}],"predecessor-version":[{"id":1576,"href":"https:\/\/www.ffw-lauenstein.de\/index.php?rest_route=\/wp\/v2\/posts\/1572\/revisions\/1576"}],"wp:attachment":[{"href":"https:\/\/www.ffw-lauenstein.de\/index.php?rest_route=%2Fwp%2Fv2%2Fmedia&parent=1572"}],"wp:term":[{"taxonomy":"category","embeddable":true,"href":"https:\/\/www.ffw-lauenstein.de\/index.php?rest_route=%2Fwp%2Fv2%2Fcategories&post=1572"},{"taxonomy":"post_tag","embeddable":true,"href":"https:\/\/www.ffw-lauenstein.de\/index.php?rest_route=%2Fwp%2Fv2%2Ftags&post=1572"}],"curies":[{"name":"wp","href":"https:\/\/api.w.org\/{rel}","templated":true}]}}