{"id":1612,"date":"2014-09-22T20:24:22","date_gmt":"2014-09-22T18:24:22","guid":{"rendered":"http:\/\/www.ffw-lauenstein.de\/?p=1612"},"modified":"2014-09-23T08:37:47","modified_gmt":"2014-09-23T06:37:47","slug":"platz-29-beim-regionalentscheid","status":"publish","type":"post","link":"https:\/\/www.ffw-lauenstein.de\/?p=1612","title":{"rendered":"Platz 29 beim Regionalentscheid"},"content":{"rendered":"<p>Die Freiwillige Feuerwehr Lauenstein hat sich beim Kreiswettbewerb\u00a0im letzten Jahr, seit mehr als 20 Jahren f\u00fcr den Regionalentscheid der Region Hannover qualifiziert. Die Wettbewerbsgruppe trifft sich au\u00dferhalb der normalen Dienstzeit zus\u00e4tzlich zu \u00dcbungen f\u00fcr den Leistungswettbewerb. Lauenstein startet in der Wertungsgruppe 1 mit einer Heckpumpe. Am Sonntagmorgen fuhr die Gruppe nach H\u00e4nigsen, bei Uelzen. Startzeit war um 11:30 Uhr. Trotz einigerma\u00dfen Losgl\u00fcck hat die Wettberwerbsgruppe aus Lauenstein 40 Fehlerpunkte gemacht. Die Gesamtzeit wurde mit 11:14min anstatt 10min\u00a0\u00fcberschritten. Trotzdem hatten die Teilnehmer aus Lauenstein viel Spa\u00df an den Wettbewerben. Erfahrungen wurden gesammelt und man hat sich mit anderen Gruppen ausgetauscht. Nach der Siegerehrung fuhr man mit einem freundlichen Gesicht nach Hause. Man\u00a0freut sich auf den 29. Platz. Zwar waren nur 30 Gruppen qualifiziert, aber trotzdem ist man stolz auf das Ergebnis.<\/p>\n<p><a href=\"https:\/\/ffw-lauenstein.de\/wp-content\/uploads\/2014\/09\/2014-region-hannover.pdf\">2014-region-hannover<\/a><\/p>\n","protected":false},"excerpt":{"rendered":"<p>Die Freiwillige Feuerwehr Lauenstein hat sich beim Kreiswettbewerb\u00a0im letzten Jahr, seit mehr als 20 Jahren f\u00fcr den Regionalentscheid der Region Hannover qualifiziert. Die Wettbewerbsgruppe trifft sich au\u00dferhalb der normalen Dienstzeit &hellip; <a href=\"https:\/\/www.ffw-lauenstein.de\/?p=1612\" class=\"more-link\"><span class=\"screen-reader-text\">\u201ePlatz 29 beim Regionalentscheid\u201c <\/span>weiterlesen<\/a><\/p>\n","protected":false},"author":4,"featured_media":0,"comment_status":"closed","ping_status":"open","sticky":false,"template":"","format":"standard","meta":{"ngg_post_thumbnail":0,"footnotes":""},"categories":[1],"tags":[],"class_list":["post-1612","post","type-post","status-publish","format-standard","hentry","category-veranstaltungen"],"_links":{"self":[{"href":"https:\/\/www.ffw-lauenstein.de\/index.php?rest_route=\/wp\/v2\/posts\/1612","targetHints":{"allow":["GET"]}}],"collection":[{"href":"https:\/\/www.ffw-lauenstein.de\/index.php?rest_route=\/wp\/v2\/posts"}],"about":[{"href":"https:\/\/www.ffw-lauenstein.de\/index.php?rest_route=\/wp\/v2\/types\/post"}],"author":[{"embeddable":true,"href":"https:\/\/www.ffw-lauenstein.de\/index.php?rest_route=\/wp\/v2\/users\/4"}],"replies":[{"embeddable":true,"href":"https:\/\/www.ffw-lauenstein.de\/index.php?rest_route=%2Fwp%2Fv2%2Fcomments&post=1612"}],"version-history":[{"count":3,"href":"https:\/\/www.ffw-lauenstein.de\/index.php?rest_route=\/wp\/v2\/posts\/1612\/revisions"}],"predecessor-version":[{"id":1728,"href":"https:\/\/www.ffw-lauenstein.de\/index.php?rest_route=\/wp\/v2\/posts\/1612\/revisions\/1728"}],"wp:attachment":[{"href":"https:\/\/www.ffw-lauenstein.de\/index.php?rest_route=%2Fwp%2Fv2%2Fmedia&parent=1612"}],"wp:term":[{"taxonomy":"category","embeddable":true,"href":"https:\/\/www.ffw-lauenstein.de\/index.php?rest_route=%2Fwp%2Fv2%2Fcategories&post=1612"},{"taxonomy":"post_tag","embeddable":true,"href":"https:\/\/www.ffw-lauenstein.de\/index.php?rest_route=%2Fwp%2Fv2%2Ftags&post=1612"}],"curies":[{"name":"wp","href":"https:\/\/api.w.org\/{rel}","templated":true}]}}