{"id":1732,"date":"2014-11-04T21:37:08","date_gmt":"2014-11-04T19:37:08","guid":{"rendered":"http:\/\/www.ffw-lauenstein.de\/?p=1732"},"modified":"2014-11-04T21:40:52","modified_gmt":"2014-11-04T19:40:52","slug":"rueckewagen-brennt-im-wald-vollkommen-aus","status":"publish","type":"post","link":"https:\/\/www.ffw-lauenstein.de\/?p=1732","title":{"rendered":"R\u00fcckewagen brennt im Wald vollkommen aus"},"content":{"rendered":"<p>Die Freiwilligen Feuerwehren aus Lauenstein, Salzhemmendorf und Hemmendorf wurden am Dienstag Vormittag den 04.11.2014 um 10:19 Uhr\u00a0zu einem Treckerbrand nach Lauenstein gerufen. Allerdings wurde der falsche Ort angegeben. Bei der Alarmierung war die Ortsangabe in der N\u00e4he des Naturfreundehauses. Die ortsans\u00e4ssigen Lauensteiner Einsatzkr\u00e4fte haben aber schon bei der Anfahrt gesehen das der Rauch wo anders herkam. Schlie\u00dflich stellte sich heraus das ein MB Truck als R\u00fcckeschlepper mitten im Wald, in der N\u00e4he der Mardereiche gebrannt hat. Nach dem die Einsatzkr\u00e4fte am Einsatzort ankamen, brannte der Truck in voller Ausdehnung. Mit Hilfe der L\u00f6schfahrzeuge aus Lauenstein und Salzhemmendorf\u00a0 konnte der Brand gel\u00f6scht werden. Daf\u00fcr wurden alle 1800l Wasser verbraucht. Nach den L\u00f6scharbeiten wurde Bio-Hydraulik\u00f6l mit Bindemittel aufgenommen, um die Umwelt zu sch\u00fctzen. Einsatzende war gegen um 13:00 Uhr.<\/p>\n<p><img loading=\"lazy\" decoding=\"async\" title=\"\" src=\"https:\/\/www.dewezet.de\/cms_media\/module_bi\/2329\/1164595_1_articledetail_lkcs101_fn_0511.jpg\" alt=\"\" width=\"600\" height=\"400\" \/><\/p>\n<p>Foto: Dewezet (fn)<\/p>\n","protected":false},"excerpt":{"rendered":"<p>Die Freiwilligen Feuerwehren aus Lauenstein, Salzhemmendorf und Hemmendorf wurden am Dienstag Vormittag den 04.11.2014 um 10:19 Uhr\u00a0zu einem Treckerbrand nach Lauenstein gerufen. Allerdings wurde der falsche Ort angegeben. Bei der &hellip; <a href=\"https:\/\/www.ffw-lauenstein.de\/?p=1732\" class=\"more-link\"><span class=\"screen-reader-text\">\u201eR\u00fcckewagen brennt im Wald vollkommen aus\u201c <\/span>weiterlesen<\/a><\/p>\n","protected":false},"author":4,"featured_media":0,"comment_status":"closed","ping_status":"open","sticky":false,"template":"","format":"standard","meta":{"ngg_post_thumbnail":0,"footnotes":""},"categories":[1],"tags":[],"class_list":["post-1732","post","type-post","status-publish","format-standard","hentry","category-veranstaltungen"],"_links":{"self":[{"href":"https:\/\/www.ffw-lauenstein.de\/index.php?rest_route=\/wp\/v2\/posts\/1732","targetHints":{"allow":["GET"]}}],"collection":[{"href":"https:\/\/www.ffw-lauenstein.de\/index.php?rest_route=\/wp\/v2\/posts"}],"about":[{"href":"https:\/\/www.ffw-lauenstein.de\/index.php?rest_route=\/wp\/v2\/types\/post"}],"author":[{"embeddable":true,"href":"https:\/\/www.ffw-lauenstein.de\/index.php?rest_route=\/wp\/v2\/users\/4"}],"replies":[{"embeddable":true,"href":"https:\/\/www.ffw-lauenstein.de\/index.php?rest_route=%2Fwp%2Fv2%2Fcomments&post=1732"}],"version-history":[{"count":2,"href":"https:\/\/www.ffw-lauenstein.de\/index.php?rest_route=\/wp\/v2\/posts\/1732\/revisions"}],"predecessor-version":[{"id":1735,"href":"https:\/\/www.ffw-lauenstein.de\/index.php?rest_route=\/wp\/v2\/posts\/1732\/revisions\/1735"}],"wp:attachment":[{"href":"https:\/\/www.ffw-lauenstein.de\/index.php?rest_route=%2Fwp%2Fv2%2Fmedia&parent=1732"}],"wp:term":[{"taxonomy":"category","embeddable":true,"href":"https:\/\/www.ffw-lauenstein.de\/index.php?rest_route=%2Fwp%2Fv2%2Fcategories&post=1732"},{"taxonomy":"post_tag","embeddable":true,"href":"https:\/\/www.ffw-lauenstein.de\/index.php?rest_route=%2Fwp%2Fv2%2Ftags&post=1732"}],"curies":[{"name":"wp","href":"https:\/\/api.w.org\/{rel}","templated":true}]}}