{"id":1780,"date":"2015-01-13T19:38:56","date_gmt":"2015-01-13T17:38:56","guid":{"rendered":"http:\/\/www.ffw-lauenstein.de\/?p=1780"},"modified":"2015-01-13T19:38:56","modified_gmt":"2015-01-13T17:38:56","slug":"sturmtief-felix-schlaegt-auch-in-lauenstein-zu","status":"publish","type":"post","link":"https:\/\/www.ffw-lauenstein.de\/?p=1780","title":{"rendered":"Sturmtief &#8222;Felix&#8220; schl\u00e4gt auch in Lauenstein zu"},"content":{"rendered":"<p>Das Sturmtief &#8222;Felix&#8220;\u00a0sorgte am 10.01.2015 f\u00fcr den ersten Einsatz im Jahr 2015\u00a0der Freiwillige Feuerwehr Lauenstein. Kurz vor der &#8222;Versammlung der Einsatzabteilung&#8220;, um 16:26 Uhr,\u00a0ging ein Notruf bei der KRL in Hameln ein. Im Vogelsang liegt eine Tanne auf der Stra\u00dfe und versperre den Weg. Einsatzkr\u00e4fte fuhren mit dem L\u00f6schgruppenfahrzeug 10\/6 zum Einsatzort. Zun\u00e4chst sicherten Sie die Einsatzstelle ab. Danach wurde mit Hilfe der Motorkettens\u00e4ge die Tanne klein ges\u00e4gt und von der Stra\u00dfe geschafft. Nach kurzer Zeit war die Stra\u00dfe wieder passierbar, so dass die Einsatzkr\u00e4fte wieder einr\u00fccken konnten.<\/p>\n","protected":false},"excerpt":{"rendered":"<p>Das Sturmtief &#8222;Felix&#8220;\u00a0sorgte am 10.01.2015 f\u00fcr den ersten Einsatz im Jahr 2015\u00a0der Freiwillige Feuerwehr Lauenstein. Kurz vor der &#8222;Versammlung der Einsatzabteilung&#8220;, um 16:26 Uhr,\u00a0ging ein Notruf bei der KRL in &hellip; <a href=\"https:\/\/www.ffw-lauenstein.de\/?p=1780\" class=\"more-link\"><span class=\"screen-reader-text\">\u201eSturmtief &#8222;Felix&#8220; schl\u00e4gt auch in Lauenstein zu\u201c <\/span>weiterlesen<\/a><\/p>\n","protected":false},"author":4,"featured_media":0,"comment_status":"closed","ping_status":"open","sticky":false,"template":"","format":"standard","meta":{"ngg_post_thumbnail":0,"footnotes":""},"categories":[1],"tags":[],"class_list":["post-1780","post","type-post","status-publish","format-standard","hentry","category-veranstaltungen"],"_links":{"self":[{"href":"https:\/\/www.ffw-lauenstein.de\/index.php?rest_route=\/wp\/v2\/posts\/1780","targetHints":{"allow":["GET"]}}],"collection":[{"href":"https:\/\/www.ffw-lauenstein.de\/index.php?rest_route=\/wp\/v2\/posts"}],"about":[{"href":"https:\/\/www.ffw-lauenstein.de\/index.php?rest_route=\/wp\/v2\/types\/post"}],"author":[{"embeddable":true,"href":"https:\/\/www.ffw-lauenstein.de\/index.php?rest_route=\/wp\/v2\/users\/4"}],"replies":[{"embeddable":true,"href":"https:\/\/www.ffw-lauenstein.de\/index.php?rest_route=%2Fwp%2Fv2%2Fcomments&post=1780"}],"version-history":[{"count":1,"href":"https:\/\/www.ffw-lauenstein.de\/index.php?rest_route=\/wp\/v2\/posts\/1780\/revisions"}],"predecessor-version":[{"id":1781,"href":"https:\/\/www.ffw-lauenstein.de\/index.php?rest_route=\/wp\/v2\/posts\/1780\/revisions\/1781"}],"wp:attachment":[{"href":"https:\/\/www.ffw-lauenstein.de\/index.php?rest_route=%2Fwp%2Fv2%2Fmedia&parent=1780"}],"wp:term":[{"taxonomy":"category","embeddable":true,"href":"https:\/\/www.ffw-lauenstein.de\/index.php?rest_route=%2Fwp%2Fv2%2Fcategories&post=1780"},{"taxonomy":"post_tag","embeddable":true,"href":"https:\/\/www.ffw-lauenstein.de\/index.php?rest_route=%2Fwp%2Fv2%2Ftags&post=1780"}],"curies":[{"name":"wp","href":"https:\/\/api.w.org\/{rel}","templated":true}]}}