{"id":1808,"date":"2015-01-23T18:24:14","date_gmt":"2015-01-23T16:24:14","guid":{"rendered":"http:\/\/www.ffw-lauenstein.de\/?p=1808"},"modified":"2015-02-01T19:25:03","modified_gmt":"2015-02-01T17:25:03","slug":"jahreshauptversammlung-2015","status":"publish","type":"post","link":"https:\/\/www.ffw-lauenstein.de\/?p=1808","title":{"rendered":"Jahreshauptversammlung 2015"},"content":{"rendered":"<p>Wie schon im letzten fand vor der Jahreshauptversammlung der Freiwilligen Feuerwehr Lauenstein auch die Mitgliederversammlung des F\u00f6rdervereins statt. Insgesamt nahmen 79 Kameradinnen und Kameraden teil.<\/p>\n<p>Ortsbrandmeister Hubert Brock zeigte sich sehr zufrieden \u00fcber das im Mai 2014 ausgerichtete Scheunenfest anl\u00e4sslich des 90-j\u00e4hrigen Bestehens der Freiwilligen Feuerwehr Lauenstein.<\/p>\n<p>Ebenso freute er sich \u00a0\u00fcber 30 Neueintritte im vergangenen Jahr.<\/p>\n<p>In 2015 steht f\u00fcr die Lauensteiner Brandsch\u00fctzer das n\u00e4chste \u201eJubil\u00e4um\u201c an: Die Partnerschaft\u00a0 mit der Freiwilligen Feuerwehr Schmerzke (Stadt Brandenburg) besteht seit nunmehr 25 Jahren.<\/p>\n<p>An der Jahreshauptversammlung nahmen auch drei Vertreter der Partnerfeuerwehr teil.<\/p>\n<p>Kurz nach dem Mauerfall war die Partnerschaft beider Wehren im M\u00e4rz 1990 durch private Kontakte vom Lauensteiner Kameraden Dieter Siebert \u00a0entstanden.<\/p>\n<p>\u201eEs ist leicht, eine Partnerschaft zu gr\u00fcnden, aber diese 25 Jahre lang mit vielen Aktivit\u00e4ten \u00a0am Leben zu erhalten, ist durchaus eine bemerkenswerte Leistung\u201c, waren sich Ortsbrandmeister Hubert Brock und sein Schmerzker Amtskollege Matthias Sumpf einig.<\/p>\n<p>Offiziell wird das 25-j\u00e4hrige Bestehen der Partnerschaft mit einem Treffen am \u201eTag der Deutschen Einheit\u201c in Helmstedt gefeiert.<\/p>\n<p>Die Lauensteiner Brandsch\u00fctzer r\u00fcckten im vergangenen Jahr bei 3 Br\u00e4nden und zu 7 Hilfeleistungen aus.<\/p>\n<p>Insgesamt z\u00e4hlt die Wehr 439 Mitglieder, von denen 224 dem F\u00f6rderverein angeh\u00f6ren.<\/p>\n<p>Der stellvertretende Ortsbrandmeister Matthias Kutz berichtete, dass die 41\u00a0 Mitglieder der Einsatzabteilung einschlie\u00dflich der Vorbereitung und Durchf\u00fchrung des Scheunenfestes insgesamt 4104 Stunden Dienst leisteten.<\/p>\n<p>Hinzu kamen 441,5 der sieben Mitglieder des\u00a0 zur Ortswehr geh\u00f6renden Strahlensp\u00fcr- und Messtrupps. wie der Gruppenf\u00fchrer Uwe W\u00f6hler mitteilte.<\/p>\n<p>Ebenfalls zus\u00e4tzlich leistete die Wettbewerbsgruppe 337 Stunden \u00dcbungsdienst \u2013 gekr\u00f6nt mit der Qualifikation und Teilnahme am Regionalentscheid in H\u00e4nigsen bei Celle.<\/p>\n<p>Etwas Sorge bereitet hingegen die Jugendfeuerwehr, die momentan nur 6 Mitglieder hat. Alina Cichy und Fiona Ulbrich wurden in die Einsatzabteilung \u00fcbernommen. Beide sind aber bereit, vorerst doppelten Dienst zu leisten und\u00a0 bleiben somit auch der Jugendfeuerwehr erhalten.<\/p>\n<p>Im Hinblick auf das Jubil\u00e4um zum 50-j\u00e4hrigen Bestehen der Jugendfeuerwehr in 2016 hofft Jugendwart Jens Brock auf neue Mitglieder.<\/p>\n<p>Jugendliche im Alter von 10 bis 16 Jahren, die Lust haben, mit dem Spa\u00df im Vordergrund das feuerwehrtechnische Handwerk erlernen, sind herzlich willkommen. Die Dienstabende finden freitags um 17 Uhr im Feuerwehrhaus statt.<\/p>\n<p>Der Spielmannszug der Freiwilligen Feuerwehr trat im Vorjahr 12 Mal auf, wie Schriftf\u00fchrerin Vanessa Giese berichtete. Zur Zeit absolvieren 8 Kinder die musikalische Grundausbildung.<\/p>\n<p>Die Leiterin der Kinderfeuerwehr, Mandy Cyperski, zeigte sich erfreut, dass die 2013 gegr\u00fcndete Nachwuchsgruppe gut angenommen<\/p>\n<p>wird und 10 Kinder zwischen 6 und 10 Jahren mitmachen.<\/p>\n<p>Bef\u00f6rdert wurden Jens Brock zum L\u00f6schmeister sowie Ferenc Bockstiegel, Patrick Gr\u00fctz und Henning Brock zum Hauptfeuerwehrmann.<\/p>\n<p>Der stellvertretende Kreisbrandmeister Frank M\u00fcller holte eine Ehrung zum Hochwassereinsatz 2013 in Magdeburg nach und \u00fcberreichte Dennis-Steven Finke f\u00fcr seinen Einsatz die Fluthelfernadel des Landes Sachsen-Anhalt.<\/p>\n<p>Der Gruppenf\u00fchrer des Strahlensp\u00fcr- und Messtrupps, Uwe W\u00f6hler, wurde vorab im Dezember 2013 seitens der Kreisfeuerwehr mit der Ehrennadel des Nieders\u00e4chsischen Feuerwehrverbandes in Bronze geehrt.<\/p>\n<p>&nbsp;<\/p>\n<p><a href=\"https:\/\/ffw-lauenstein.de\/wp-content\/uploads\/2015\/01\/2015.jpg\"><img loading=\"lazy\" decoding=\"async\" class=\"aligncenter size-full wp-image-1809\" src=\"https:\/\/ffw-lauenstein.de\/wp-content\/uploads\/2015\/01\/2015.jpg\" alt=\"2015\" width=\"1500\" height=\"1000\" srcset=\"https:\/\/www.ffw-lauenstein.de\/wp-content\/uploads\/2015\/01\/2015.jpg 1500w, https:\/\/www.ffw-lauenstein.de\/wp-content\/uploads\/2015\/01\/2015-300x200.jpg 300w, https:\/\/www.ffw-lauenstein.de\/wp-content\/uploads\/2015\/01\/2015-1024x683.jpg 1024w, https:\/\/www.ffw-lauenstein.de\/wp-content\/uploads\/2015\/01\/2015-150x100.jpg 150w\" sizes=\"auto, (max-width: 709px) 85vw, (max-width: 909px) 67vw, (max-width: 1362px) 62vw, 840px\" \/><\/a><\/p>\n<p>&nbsp;<\/p>\n<p><em>Fotobeschreibung, von links nach rechts:<\/em><\/p>\n<p><em>Ortsb\u00fcrgermeister Erich Weber, Ortsbrandmeister Hubert Brock, Steven-Dennis Finke, Matthias Sumpf und Dirk Semmelroth (beide FFW Schmerzke), Ferenc Bockstiegel, Henning Brock, Jens Brock, Fiona Ulbrich, Patrick Gr\u00fctz, Alina Cichy, stellvertr. Kreisbrandmeister Frank M\u00fcller, stellvertr. Ortsbrandmeister Matthias Kutz.<\/em><\/p>\n","protected":false},"excerpt":{"rendered":"<p>Wie schon im letzten fand vor der Jahreshauptversammlung der Freiwilligen Feuerwehr Lauenstein auch die Mitgliederversammlung des F\u00f6rdervereins statt. Insgesamt nahmen 79 Kameradinnen und Kameraden teil. Ortsbrandmeister Hubert Brock zeigte sich &hellip; <a href=\"https:\/\/www.ffw-lauenstein.de\/?p=1808\" class=\"more-link\"><span class=\"screen-reader-text\">\u201eJahreshauptversammlung 2015\u201c <\/span>weiterlesen<\/a><\/p>\n","protected":false},"author":3,"featured_media":0,"comment_status":"closed","ping_status":"open","sticky":false,"template":"","format":"standard","meta":{"ngg_post_thumbnail":0,"footnotes":""},"categories":[11],"tags":[],"class_list":["post-1808","post","type-post","status-publish","format-standard","hentry","category-presseberichte-allgmein"],"_links":{"self":[{"href":"https:\/\/www.ffw-lauenstein.de\/index.php?rest_route=\/wp\/v2\/posts\/1808","targetHints":{"allow":["GET"]}}],"collection":[{"href":"https:\/\/www.ffw-lauenstein.de\/index.php?rest_route=\/wp\/v2\/posts"}],"about":[{"href":"https:\/\/www.ffw-lauenstein.de\/index.php?rest_route=\/wp\/v2\/types\/post"}],"author":[{"embeddable":true,"href":"https:\/\/www.ffw-lauenstein.de\/index.php?rest_route=\/wp\/v2\/users\/3"}],"replies":[{"embeddable":true,"href":"https:\/\/www.ffw-lauenstein.de\/index.php?rest_route=%2Fwp%2Fv2%2Fcomments&post=1808"}],"version-history":[{"count":4,"href":"https:\/\/www.ffw-lauenstein.de\/index.php?rest_route=\/wp\/v2\/posts\/1808\/revisions"}],"predecessor-version":[{"id":1814,"href":"https:\/\/www.ffw-lauenstein.de\/index.php?rest_route=\/wp\/v2\/posts\/1808\/revisions\/1814"}],"wp:attachment":[{"href":"https:\/\/www.ffw-lauenstein.de\/index.php?rest_route=%2Fwp%2Fv2%2Fmedia&parent=1808"}],"wp:term":[{"taxonomy":"category","embeddable":true,"href":"https:\/\/www.ffw-lauenstein.de\/index.php?rest_route=%2Fwp%2Fv2%2Fcategories&post=1808"},{"taxonomy":"post_tag","embeddable":true,"href":"https:\/\/www.ffw-lauenstein.de\/index.php?rest_route=%2Fwp%2Fv2%2Ftags&post=1808"}],"curies":[{"name":"wp","href":"https:\/\/api.w.org\/{rel}","templated":true}]}}