{"id":1835,"date":"2015-02-25T00:28:13","date_gmt":"2015-02-24T22:28:13","guid":{"rendered":"http:\/\/www.ffw-lauenstein.de\/?p=1835"},"modified":"2015-03-08T17:56:56","modified_gmt":"2015-03-08T15:56:56","slug":"kinderkarneval-in-lauenstein","status":"publish","type":"post","link":"https:\/\/www.ffw-lauenstein.de\/?p=1835","title":{"rendered":"Kinderkarneval in Lauenstein"},"content":{"rendered":"<p><strong><em>Kinderkarneval sorgt f\u00fcr volle Halle in Lauenstein<\/em><\/strong><\/p>\n<p>Die Pl\u00e4tze in der Lauensteiner Mehrzweckhalle waren fast alle besetzt. Wie schon in den Vorjahren kam der Lauensteiner Kinderkarneval wieder sehr gut an. In diesem Jahr\u00a0organisierte die Freiwillige Feuerwehr Lauenstein \u2013 bestehend aus Aktiven, Jugendfeuerwehr, Kinderfeuerwehr und Spielmannszug \u2013 das bunte Treiben in der Halle.<\/p>\n<p>W\u00e4hrend die Eltern und Gro\u00dfeltern bei Kaffee und Kuchen kl\u00f6nen konnten, standen nat\u00fcrlich die Kinder im Mittelpunkt. F\u00fcr die Kleinsten wurde in der einen Ecke der Halle ein Spielecke eingerichtet. F\u00fcr die etwas gr\u00f6\u00dferen Faschingsfreunde wurde dann noch ein Gl\u00fccksrad mit gestifteten Preisen, der \u201ehei\u00dfe Draht\u201c, Dosenwerfen und H\u00fctchenspiel veranstaltet. Dazu wurde nat\u00fcrlich &#8211; animiert durch erfahrene Jugendbetreuer \u2013 auch noch zu bekannten Liedern getanzt.<\/p>\n<p>\u201eIm j\u00e4hrlichen Wechsel mit dem MTV Lauenstein l\u00e4uft die Organisation des Kinderkarnevals sehr gut&#8220;, stellte Jugendfeuerwehrwart Jens Brock fest. Davon konnten sich die Eltern erneut \u00fcberzeugen. Nach einem bunten Nachmittag gingen nicht nur die Eltern sehr gut gelaunt nach Hause.<\/p>\n<p>&nbsp;<\/p>\n<p><a href=\"https:\/\/ffw-lauenstein.de\/wp-content\/uploads\/2015\/02\/150215-Kinderkarneval_9999_8.jpg\"><img loading=\"lazy\" decoding=\"async\" class=\"aligncenter size-full wp-image-1838\" src=\"https:\/\/ffw-lauenstein.de\/wp-content\/uploads\/2015\/02\/150215-Kinderkarneval_9999_8.jpg\" alt=\"150215 Kinderkarneval_9999_8\" width=\"800\" height=\"533\" srcset=\"https:\/\/www.ffw-lauenstein.de\/wp-content\/uploads\/2015\/02\/150215-Kinderkarneval_9999_8.jpg 800w, https:\/\/www.ffw-lauenstein.de\/wp-content\/uploads\/2015\/02\/150215-Kinderkarneval_9999_8-300x200.jpg 300w, https:\/\/www.ffw-lauenstein.de\/wp-content\/uploads\/2015\/02\/150215-Kinderkarneval_9999_8-150x100.jpg 150w\" sizes=\"auto, (max-width: 709px) 85vw, (max-width: 909px) 67vw, (max-width: 984px) 61vw, (max-width: 1362px) 45vw, 600px\" \/><\/a><br \/>\n<a href=\"https:\/\/ffw-lauenstein.de\/wp-content\/uploads\/2015\/02\/150215-Kinderkarneval_9999_2.jpg\"><img loading=\"lazy\" decoding=\"async\" class=\"aligncenter size-full wp-image-1836\" src=\"https:\/\/ffw-lauenstein.de\/wp-content\/uploads\/2015\/02\/150215-Kinderkarneval_9999_2.jpg\" alt=\"150215 Kinderkarneval_9999_2\" width=\"800\" height=\"533\" srcset=\"https:\/\/www.ffw-lauenstein.de\/wp-content\/uploads\/2015\/02\/150215-Kinderkarneval_9999_2.jpg 800w, https:\/\/www.ffw-lauenstein.de\/wp-content\/uploads\/2015\/02\/150215-Kinderkarneval_9999_2-300x200.jpg 300w, https:\/\/www.ffw-lauenstein.de\/wp-content\/uploads\/2015\/02\/150215-Kinderkarneval_9999_2-150x100.jpg 150w\" sizes=\"auto, (max-width: 709px) 85vw, (max-width: 909px) 67vw, (max-width: 984px) 61vw, (max-width: 1362px) 45vw, 600px\" \/><\/a><\/p>\n<p>&nbsp;<\/p>\n<p>&nbsp;<\/p>\n<p><a href=\"https:\/\/ffw-lauenstein.de\/wp-content\/uploads\/2015\/02\/150215-Kinderkarneval_9999_4.jpg\"><img loading=\"lazy\" decoding=\"async\" class=\"aligncenter size-full wp-image-1837\" src=\"https:\/\/ffw-lauenstein.de\/wp-content\/uploads\/2015\/02\/150215-Kinderkarneval_9999_4.jpg\" alt=\"150215 Kinderkarneval_9999_4\" width=\"800\" height=\"533\" srcset=\"https:\/\/www.ffw-lauenstein.de\/wp-content\/uploads\/2015\/02\/150215-Kinderkarneval_9999_4.jpg 800w, https:\/\/www.ffw-lauenstein.de\/wp-content\/uploads\/2015\/02\/150215-Kinderkarneval_9999_4-300x200.jpg 300w, https:\/\/www.ffw-lauenstein.de\/wp-content\/uploads\/2015\/02\/150215-Kinderkarneval_9999_4-150x100.jpg 150w\" sizes=\"auto, (max-width: 709px) 85vw, (max-width: 909px) 67vw, (max-width: 984px) 61vw, (max-width: 1362px) 45vw, 600px\" \/><\/a><\/p>\n<p>[Quelle: Saale-Ith-Echo]<\/p>\n","protected":false},"excerpt":{"rendered":"<p>Kinderkarneval sorgt f\u00fcr volle Halle in Lauenstein Die Pl\u00e4tze in der Lauensteiner Mehrzweckhalle waren fast alle besetzt. Wie schon in den Vorjahren kam der Lauensteiner Kinderkarneval wieder sehr gut an. &hellip; <a href=\"https:\/\/www.ffw-lauenstein.de\/?p=1835\" class=\"more-link\"><span class=\"screen-reader-text\">\u201eKinderkarneval in Lauenstein\u201c <\/span>weiterlesen<\/a><\/p>\n","protected":false},"author":3,"featured_media":0,"comment_status":"closed","ping_status":"open","sticky":false,"template":"","format":"standard","meta":{"ngg_post_thumbnail":0,"footnotes":""},"categories":[11],"tags":[],"class_list":["post-1835","post","type-post","status-publish","format-standard","hentry","category-presseberichte-allgmein"],"_links":{"self":[{"href":"https:\/\/www.ffw-lauenstein.de\/index.php?rest_route=\/wp\/v2\/posts\/1835","targetHints":{"allow":["GET"]}}],"collection":[{"href":"https:\/\/www.ffw-lauenstein.de\/index.php?rest_route=\/wp\/v2\/posts"}],"about":[{"href":"https:\/\/www.ffw-lauenstein.de\/index.php?rest_route=\/wp\/v2\/types\/post"}],"author":[{"embeddable":true,"href":"https:\/\/www.ffw-lauenstein.de\/index.php?rest_route=\/wp\/v2\/users\/3"}],"replies":[{"embeddable":true,"href":"https:\/\/www.ffw-lauenstein.de\/index.php?rest_route=%2Fwp%2Fv2%2Fcomments&post=1835"}],"version-history":[{"count":3,"href":"https:\/\/www.ffw-lauenstein.de\/index.php?rest_route=\/wp\/v2\/posts\/1835\/revisions"}],"predecessor-version":[{"id":1841,"href":"https:\/\/www.ffw-lauenstein.de\/index.php?rest_route=\/wp\/v2\/posts\/1835\/revisions\/1841"}],"wp:attachment":[{"href":"https:\/\/www.ffw-lauenstein.de\/index.php?rest_route=%2Fwp%2Fv2%2Fmedia&parent=1835"}],"wp:term":[{"taxonomy":"category","embeddable":true,"href":"https:\/\/www.ffw-lauenstein.de\/index.php?rest_route=%2Fwp%2Fv2%2Fcategories&post=1835"},{"taxonomy":"post_tag","embeddable":true,"href":"https:\/\/www.ffw-lauenstein.de\/index.php?rest_route=%2Fwp%2Fv2%2Ftags&post=1835"}],"curies":[{"name":"wp","href":"https:\/\/api.w.org\/{rel}","templated":true}]}}