{"id":1949,"date":"2015-05-11T22:11:05","date_gmt":"2015-05-11T20:11:05","guid":{"rendered":"http:\/\/www.ffw-lauenstein.de\/?p=1949"},"modified":"2015-05-11T22:11:05","modified_gmt":"2015-05-11T20:11:05","slug":"neuer-mannschaftstransportwagen-fuer-die-freiwillige-feuerwehr-lauenstein","status":"publish","type":"post","link":"https:\/\/www.ffw-lauenstein.de\/?p=1949","title":{"rendered":"Neuer Mannschaftstransportwagen f\u00fcr die Freiwillige Feuerwehr Lauenstein"},"content":{"rendered":"<p>Seit Januar 2015 hat die Feuerwehr Lauenstein einen neuen Mannschaftstransportwagen (MTW)\u00a0in Ihrem Fahrzeugpark. Der Volkswagen Transporter 5 ersetzt den im Jahr 2012 angeschaffenen T4.<\/p>\n<p>Der neue T5 wurde gebraucht von der Freiwilligen Feuerwehr Braunschweig erworben. Ein modernes Einsatzfahrzeug mit einem Automatikgetriebe macht Einsatzfahrten leichter. Dir\u00a0Rundumtonkombination verf\u00fcgt \u00fcber eine Lautsprechereinheit. Zus\u00e4tzlich zur RTK verf\u00fcgt das Fahrzeug \u00fcber Frontblitzer und Blitzer in der Heckklappe. Einen Sitz muss der T5 gegen\u00fcber seinem Vorg\u00e4nger einb\u00fc\u00dfen, die Besatzung des neuen Fahrzeuges beinhaltet 1\/7.<\/p>\n<p>Durch den langen Radstand hat der neue MTW einen gro\u00dfe Kofferraum. Im Mittelraum kann man einen kleinen Tisch ausklappen.<\/p>\n<p><a href=\"https:\/\/ffw-lauenstein.de\/wp-content\/uploads\/2015\/05\/Fahrerraum.jpg\"><img loading=\"lazy\" decoding=\"async\" class=\"alignnone size-thumbnail wp-image-1956\" src=\"https:\/\/ffw-lauenstein.de\/wp-content\/uploads\/2015\/05\/Fahrerraum-150x150.jpg\" alt=\"Fahrerraum\" width=\"150\" height=\"150\" \/><\/a> <a href=\"https:\/\/ffw-lauenstein.de\/wp-content\/uploads\/2015\/05\/Blitzer-in-der-Heckklappe.jpg\"><img loading=\"lazy\" decoding=\"async\" class=\"alignnone size-thumbnail wp-image-1955\" src=\"https:\/\/ffw-lauenstein.de\/wp-content\/uploads\/2015\/05\/Blitzer-in-der-Heckklappe-150x150.jpg\" alt=\"Blitzer in der Heckklappe\" width=\"150\" height=\"150\" \/><\/a> <a href=\"https:\/\/ffw-lauenstein.de\/wp-content\/uploads\/2015\/05\/T5-Internetseite.jpg\"><img loading=\"lazy\" decoding=\"async\" class=\"alignnone size-thumbnail wp-image-1954\" src=\"https:\/\/ffw-lauenstein.de\/wp-content\/uploads\/2015\/05\/T5-Internetseite-150x150.jpg\" alt=\"T5 Internetseite\" width=\"150\" height=\"150\" \/><\/a> <a href=\"https:\/\/ffw-lauenstein.de\/wp-content\/uploads\/2015\/05\/Seitenansicht.jpg\"><img loading=\"lazy\" decoding=\"async\" class=\" size-thumbnail wp-image-1953 alignnone\" src=\"https:\/\/ffw-lauenstein.de\/wp-content\/uploads\/2015\/05\/Seitenansicht-150x150.jpg\" alt=\"Seitenansicht\" width=\"150\" height=\"150\" \/><\/a> <a href=\"https:\/\/ffw-lauenstein.de\/wp-content\/uploads\/2015\/05\/Mittelraum.jpg\"><img loading=\"lazy\" decoding=\"async\" class=\"alignnone size-thumbnail wp-image-1952\" src=\"https:\/\/ffw-lauenstein.de\/wp-content\/uploads\/2015\/05\/Mittelraum-150x150.jpg\" alt=\"Mittelraum\" width=\"150\" height=\"150\" \/><\/a> <a href=\"https:\/\/ffw-lauenstein.de\/wp-content\/uploads\/2015\/05\/Heckansicht.jpg\"><img loading=\"lazy\" decoding=\"async\" class=\"alignnone size-thumbnail wp-image-1951\" src=\"https:\/\/ffw-lauenstein.de\/wp-content\/uploads\/2015\/05\/Heckansicht-150x150.jpg\" alt=\"Heckansicht\" width=\"150\" height=\"150\" \/><\/a> <a href=\"https:\/\/ffw-lauenstein.de\/wp-content\/uploads\/2015\/05\/Frontansicht.jpg\"><img loading=\"lazy\" decoding=\"async\" class=\"alignnone size-thumbnail wp-image-1950\" src=\"https:\/\/ffw-lauenstein.de\/wp-content\/uploads\/2015\/05\/Frontansicht-150x150.jpg\" alt=\"Frontansicht\" width=\"150\" height=\"150\" \/><\/a><\/p>\n","protected":false},"excerpt":{"rendered":"<p>Seit Januar 2015 hat die Feuerwehr Lauenstein einen neuen Mannschaftstransportwagen (MTW)\u00a0in Ihrem Fahrzeugpark. Der Volkswagen Transporter 5 ersetzt den im Jahr 2012 angeschaffenen T4. Der neue T5 wurde gebraucht von &hellip; <a href=\"https:\/\/www.ffw-lauenstein.de\/?p=1949\" class=\"more-link\"><span class=\"screen-reader-text\">\u201eNeuer Mannschaftstransportwagen f\u00fcr die Freiwillige Feuerwehr Lauenstein\u201c <\/span>weiterlesen<\/a><\/p>\n","protected":false},"author":4,"featured_media":0,"comment_status":"closed","ping_status":"open","sticky":false,"template":"","format":"standard","meta":{"ngg_post_thumbnail":0,"footnotes":""},"categories":[13],"tags":[],"class_list":["post-1949","post","type-post","status-publish","format-standard","hentry","category-sonstiges"],"_links":{"self":[{"href":"https:\/\/www.ffw-lauenstein.de\/index.php?rest_route=\/wp\/v2\/posts\/1949","targetHints":{"allow":["GET"]}}],"collection":[{"href":"https:\/\/www.ffw-lauenstein.de\/index.php?rest_route=\/wp\/v2\/posts"}],"about":[{"href":"https:\/\/www.ffw-lauenstein.de\/index.php?rest_route=\/wp\/v2\/types\/post"}],"author":[{"embeddable":true,"href":"https:\/\/www.ffw-lauenstein.de\/index.php?rest_route=\/wp\/v2\/users\/4"}],"replies":[{"embeddable":true,"href":"https:\/\/www.ffw-lauenstein.de\/index.php?rest_route=%2Fwp%2Fv2%2Fcomments&post=1949"}],"version-history":[{"count":1,"href":"https:\/\/www.ffw-lauenstein.de\/index.php?rest_route=\/wp\/v2\/posts\/1949\/revisions"}],"predecessor-version":[{"id":1957,"href":"https:\/\/www.ffw-lauenstein.de\/index.php?rest_route=\/wp\/v2\/posts\/1949\/revisions\/1957"}],"wp:attachment":[{"href":"https:\/\/www.ffw-lauenstein.de\/index.php?rest_route=%2Fwp%2Fv2%2Fmedia&parent=1949"}],"wp:term":[{"taxonomy":"category","embeddable":true,"href":"https:\/\/www.ffw-lauenstein.de\/index.php?rest_route=%2Fwp%2Fv2%2Fcategories&post=1949"},{"taxonomy":"post_tag","embeddable":true,"href":"https:\/\/www.ffw-lauenstein.de\/index.php?rest_route=%2Fwp%2Fv2%2Ftags&post=1949"}],"curies":[{"name":"wp","href":"https:\/\/api.w.org\/{rel}","templated":true}]}}