{"id":1960,"date":"2015-06-14T21:10:24","date_gmt":"2015-06-14T19:10:24","guid":{"rendered":"http:\/\/www.ffw-lauenstein.de\/?p=1960"},"modified":"2015-06-15T10:58:06","modified_gmt":"2015-06-15T08:58:06","slug":"kletterer-im-ith-verunglueckt","status":"publish","type":"post","link":"https:\/\/www.ffw-lauenstein.de\/?p=1960","title":{"rendered":"Kletterer im Ith verungl\u00fcckt"},"content":{"rendered":"<p>Zu einem \u00a0Rettungseinsatz im Ith wurde die FFW Lauenstein am Sonntag, den 14.06.2015 um 15.37 Uhr gerufen.<\/p>\n<p>Ein 29-j\u00e4hriger\u00a0Mann\u00a0war in der N\u00e4he des Ithturms beim Klettern an einer Felswand etwa 4 Meter abgest\u00fcrzt. Hinsichtlich seiner Verletzungen hatte der Sportler offenbar noch &#8222;Gl\u00fcck im Ungl\u00fcck&#8220;.<\/p>\n<p>Die Unfallstelle war \u00fcber einen steilen Pfad nur sehr beschwerlich zu Fu\u00df zu erreichen.<\/p>\n<p>Vor Ort wurden die auf H\u00f6henrettung spezialisierten Kameraden der FFW Oldendorf nachalarmiert, die wenig sp\u00e4ter mit ihrem speziellen Equipment eintrafen.<\/p>\n<p>Mit vereinten Kr\u00e4ften konnte der Verletzte den steilen Hang hinauf zum Rettungswagen, der am Ithturm wartete, transportiert und dort weiter medizinisch versorgt\u00a0werden, bevor er ins Krankenhaus nach Hameln gebracht wurde.<\/p>\n<p>Auf einer zweiten Trage wurde die Kletterausr\u00fcstung des Verletzten und seiner Partnerin bef\u00f6rdert.<\/p>\n<p>Der Einsatz war gegen 18.30 Uhr beendet.<\/p>\n<p><a href=\"https:\/\/ffw-lauenstein.de\/wp-content\/uploads\/2015\/06\/DSC_0050-1.jpg\"><img loading=\"lazy\" decoding=\"async\" class=\"aligncenter size-full wp-image-1961\" src=\"https:\/\/ffw-lauenstein.de\/wp-content\/uploads\/2015\/06\/DSC_0050-1.jpg\" alt=\"DSC_0050 (1)\" width=\"1500\" height=\"843\" srcset=\"https:\/\/www.ffw-lauenstein.de\/wp-content\/uploads\/2015\/06\/DSC_0050-1.jpg 1500w, https:\/\/www.ffw-lauenstein.de\/wp-content\/uploads\/2015\/06\/DSC_0050-1-300x169.jpg 300w, https:\/\/www.ffw-lauenstein.de\/wp-content\/uploads\/2015\/06\/DSC_0050-1-1024x575.jpg 1024w\" sizes=\"auto, (max-width: 709px) 85vw, (max-width: 909px) 67vw, (max-width: 1362px) 62vw, 840px\" \/><\/a><\/p>\n<p><a href=\"https:\/\/ffw-lauenstein.de\/wp-content\/uploads\/2015\/06\/DSC_0050-1.jpg\"><br \/>\n<\/a><\/p>\n<p><a href=\"https:\/\/ffw-lauenstein.de\/wp-content\/uploads\/2015\/06\/DSC_0056.jpg\"><img loading=\"lazy\" decoding=\"async\" class=\"aligncenter size-full wp-image-1962\" src=\"https:\/\/ffw-lauenstein.de\/wp-content\/uploads\/2015\/06\/DSC_0056.jpg\" alt=\"DSC_0056\" width=\"843\" height=\"1500\" srcset=\"https:\/\/www.ffw-lauenstein.de\/wp-content\/uploads\/2015\/06\/DSC_0056.jpg 843w, https:\/\/www.ffw-lauenstein.de\/wp-content\/uploads\/2015\/06\/DSC_0056-169x300.jpg 169w, https:\/\/www.ffw-lauenstein.de\/wp-content\/uploads\/2015\/06\/DSC_0056-575x1024.jpg 575w\" sizes=\"auto, (max-width: 709px) 85vw, (max-width: 909px) 67vw, (max-width: 1362px) 62vw, 840px\" \/><\/a><\/p>\n","protected":false},"excerpt":{"rendered":"<p>Zu einem \u00a0Rettungseinsatz im Ith wurde die FFW Lauenstein am Sonntag, den 14.06.2015 um 15.37 Uhr gerufen. Ein 29-j\u00e4hriger\u00a0Mann\u00a0war in der N\u00e4he des Ithturms beim Klettern an einer Felswand etwa &hellip; <a href=\"https:\/\/www.ffw-lauenstein.de\/?p=1960\" class=\"more-link\"><span class=\"screen-reader-text\">\u201eKletterer im Ith verungl\u00fcckt\u201c <\/span>weiterlesen<\/a><\/p>\n","protected":false},"author":3,"featured_media":0,"comment_status":"closed","ping_status":"open","sticky":false,"template":"","format":"standard","meta":{"ngg_post_thumbnail":0,"footnotes":""},"categories":[1],"tags":[],"class_list":["post-1960","post","type-post","status-publish","format-standard","hentry","category-veranstaltungen"],"_links":{"self":[{"href":"https:\/\/www.ffw-lauenstein.de\/index.php?rest_route=\/wp\/v2\/posts\/1960","targetHints":{"allow":["GET"]}}],"collection":[{"href":"https:\/\/www.ffw-lauenstein.de\/index.php?rest_route=\/wp\/v2\/posts"}],"about":[{"href":"https:\/\/www.ffw-lauenstein.de\/index.php?rest_route=\/wp\/v2\/types\/post"}],"author":[{"embeddable":true,"href":"https:\/\/www.ffw-lauenstein.de\/index.php?rest_route=\/wp\/v2\/users\/3"}],"replies":[{"embeddable":true,"href":"https:\/\/www.ffw-lauenstein.de\/index.php?rest_route=%2Fwp%2Fv2%2Fcomments&post=1960"}],"version-history":[{"count":3,"href":"https:\/\/www.ffw-lauenstein.de\/index.php?rest_route=\/wp\/v2\/posts\/1960\/revisions"}],"predecessor-version":[{"id":1965,"href":"https:\/\/www.ffw-lauenstein.de\/index.php?rest_route=\/wp\/v2\/posts\/1960\/revisions\/1965"}],"wp:attachment":[{"href":"https:\/\/www.ffw-lauenstein.de\/index.php?rest_route=%2Fwp%2Fv2%2Fmedia&parent=1960"}],"wp:term":[{"taxonomy":"category","embeddable":true,"href":"https:\/\/www.ffw-lauenstein.de\/index.php?rest_route=%2Fwp%2Fv2%2Fcategories&post=1960"},{"taxonomy":"post_tag","embeddable":true,"href":"https:\/\/www.ffw-lauenstein.de\/index.php?rest_route=%2Fwp%2Fv2%2Ftags&post=1960"}],"curies":[{"name":"wp","href":"https:\/\/api.w.org\/{rel}","templated":true}]}}