{"id":1968,"date":"2015-06-16T11:25:48","date_gmt":"2015-06-16T09:25:48","guid":{"rendered":"http:\/\/www.ffw-lauenstein.de\/?p=1968"},"modified":"2015-06-16T11:39:06","modified_gmt":"2015-06-16T09:39:06","slug":"tagesfahrt-nach-wolfsburg","status":"publish","type":"post","link":"https:\/\/www.ffw-lauenstein.de\/?p=1968","title":{"rendered":"Tagesfahrt nach Wolfsburg"},"content":{"rendered":"<p>Die Jugendfeuerwehr Lauenstein hat am Pfingstsamstag eine Tagesfahrt nach Wolfsburg unternommen. Die Jugendlichen haben sich schon morgens um 08:00 Uhr am Feuerwehrhaus Lauenstein getroffen. Nachdem letzte organisatorische Dinge erledig wurden, haben die Jugendlichen den MTW besetzt. &#8222;Voll gepackt mit tollen Sachen&#8220; machten Sie sich auf den Weg nach Wolfsburg.<\/p>\n<p>Die erste Station war das &#8222;Phaeno, Welt der Ph\u00e4nomene&#8220;. Dort haben die Jugendlichen durch Spiel und Spa\u00df, Gesetze der Physik und viele andere Naturgesetze kennengelernt. Anschlie\u00dfend wurde Mittag gegessen.<\/p>\n<p>Mit dem gerade verdautem Mittagessen fuhr man gemeinsam zu Norddeutschlands gr\u00f6\u00dftem Freizeitbad ins &#8222;BadeLand&#8220;. Nach 3-st\u00fcndigem Aufenthalt wurde die R\u00fcckreise angetreten.<\/p>\n<p>F\u00fcr alle Beteiligten war dies eine sch\u00f6ne Tagesfahrt mit viel Spa\u00df und Freude.<\/p>\n<p><img loading=\"lazy\" decoding=\"async\" class=\"alignnone  wp-image-1969\" src=\"https:\/\/ffw-lauenstein.de\/wp-content\/uploads\/2015\/06\/IMG-20150527-WA0006-150x150.jpg\" alt=\"Tagesfahrt Wolfsburg Phaeno\" width=\"204\" height=\"204\" \/>\u00a0<a href=\"https:\/\/ffw-lauenstein.de\/wp-content\/uploads\/2015\/06\/IMG-20150527-WA0008.jpg\"><img loading=\"lazy\" decoding=\"async\" class=\" wp-image-1970\" src=\"https:\/\/ffw-lauenstein.de\/wp-content\/uploads\/2015\/06\/IMG-20150527-WA0008-150x150.jpg\" alt=\"Phaeno Fererwirbel\" width=\"199\" height=\"199\" \/><\/a><\/p>\n<p>&nbsp;<\/p>\n","protected":false},"excerpt":{"rendered":"<p>Die Jugendfeuerwehr Lauenstein hat am Pfingstsamstag eine Tagesfahrt nach Wolfsburg unternommen. Die Jugendlichen haben sich schon morgens um 08:00 Uhr am Feuerwehrhaus Lauenstein getroffen. Nachdem letzte organisatorische Dinge erledig wurden, &hellip; <a href=\"https:\/\/www.ffw-lauenstein.de\/?p=1968\" class=\"more-link\"><span class=\"screen-reader-text\">\u201eTagesfahrt nach Wolfsburg\u201c <\/span>weiterlesen<\/a><\/p>\n","protected":false},"author":4,"featured_media":0,"comment_status":"closed","ping_status":"open","sticky":false,"template":"","format":"standard","meta":{"ngg_post_thumbnail":0,"footnotes":""},"categories":[13],"tags":[],"class_list":["post-1968","post","type-post","status-publish","format-standard","hentry","category-sonstiges"],"_links":{"self":[{"href":"https:\/\/www.ffw-lauenstein.de\/index.php?rest_route=\/wp\/v2\/posts\/1968","targetHints":{"allow":["GET"]}}],"collection":[{"href":"https:\/\/www.ffw-lauenstein.de\/index.php?rest_route=\/wp\/v2\/posts"}],"about":[{"href":"https:\/\/www.ffw-lauenstein.de\/index.php?rest_route=\/wp\/v2\/types\/post"}],"author":[{"embeddable":true,"href":"https:\/\/www.ffw-lauenstein.de\/index.php?rest_route=\/wp\/v2\/users\/4"}],"replies":[{"embeddable":true,"href":"https:\/\/www.ffw-lauenstein.de\/index.php?rest_route=%2Fwp%2Fv2%2Fcomments&post=1968"}],"version-history":[{"count":1,"href":"https:\/\/www.ffw-lauenstein.de\/index.php?rest_route=\/wp\/v2\/posts\/1968\/revisions"}],"predecessor-version":[{"id":1971,"href":"https:\/\/www.ffw-lauenstein.de\/index.php?rest_route=\/wp\/v2\/posts\/1968\/revisions\/1971"}],"wp:attachment":[{"href":"https:\/\/www.ffw-lauenstein.de\/index.php?rest_route=%2Fwp%2Fv2%2Fmedia&parent=1968"}],"wp:term":[{"taxonomy":"category","embeddable":true,"href":"https:\/\/www.ffw-lauenstein.de\/index.php?rest_route=%2Fwp%2Fv2%2Fcategories&post=1968"},{"taxonomy":"post_tag","embeddable":true,"href":"https:\/\/www.ffw-lauenstein.de\/index.php?rest_route=%2Fwp%2Fv2%2Ftags&post=1968"}],"curies":[{"name":"wp","href":"https:\/\/api.w.org\/{rel}","templated":true}]}}