{"id":1975,"date":"2015-06-24T10:30:48","date_gmt":"2015-06-24T08:30:48","guid":{"rendered":"http:\/\/www.ffw-lauenstein.de\/?p=1975"},"modified":"2015-06-24T10:32:07","modified_gmt":"2015-06-24T08:32:07","slug":"erfolgreiche-wettbewerbe-der-jf-lauensteinhemmendorf","status":"publish","type":"post","link":"https:\/\/www.ffw-lauenstein.de\/?p=1975","title":{"rendered":"Erfolgreiche Wettbewerbe der JF Lauenstein\/Hemmendorf"},"content":{"rendered":"<p>Zum ersten Mal hat sich die Jugendfeuerwehr Lauenstein mit Hemmendorf zusammengetan um gemeinsamen \u00dcbungsdienst zu gestalten. Eine\u00a0sehr gute Zusammenarbeit, ist dabei herausgekommen. Diese gute Zusammenarbeit kann man an den Erfolgen der Gemeinde- und Kreiswettbewerbe ablesen. Bei den diesj\u00e4hrigen Gemeindewettbewerben in Hemmendorf hat die Wettbewerbsgruppe der JF Lauenstein\/Hemmendorf den 1. Platz erzielt. Die Kreiswettbewerbe fanden dieses Jahr in Coppenbr\u00fcgge statt.\u00a0Hier hat die JF Lauenstein\/Hemmendorf einen wackeren 30. Platz, von 41 gestarteten Gruppen, erzielt. Nach\u00a0langer Vorbereitungszeit f\u00fcr die Wettbewerbe k\u00f6nnen jetzt wieder andere \u00dcbungsdienste unternommen werden. F\u00fcr einige Mitglieder der Jugendfeuerwehren geht es demn\u00e4chst in die n\u00e4chste Vorbereitung. Ab Mitte Juli wird man sich gezielt auf die Leistungsspange, die h\u00f6chste Auszeichnung der Jugendfeuerwehr, vorbereiten.<\/p>\n<p><a href=\"https:\/\/ffw-lauenstein.de\/wp-content\/uploads\/2015\/06\/A-Teil2_klein.jpg\"><img loading=\"lazy\" decoding=\"async\" class=\"alignnone size-thumbnail wp-image-1976\" src=\"https:\/\/ffw-lauenstein.de\/wp-content\/uploads\/2015\/06\/A-Teil2_klein-150x150.jpg\" alt=\"A-Teil2_klein\" width=\"150\" height=\"150\" \/><\/a> <a href=\"https:\/\/ffw-lauenstein.de\/wp-content\/uploads\/2015\/06\/A-Teil1_klein.jpg\"><img loading=\"lazy\" decoding=\"async\" class=\"alignnone size-thumbnail wp-image-1977\" src=\"https:\/\/ffw-lauenstein.de\/wp-content\/uploads\/2015\/06\/A-Teil1_klein-150x150.jpg\" alt=\"A-Teil1_klein\" width=\"150\" height=\"150\" \/><\/a> <a href=\"https:\/\/ffw-lauenstein.de\/wp-content\/uploads\/2015\/06\/Laufen_klein.jpg\"><img loading=\"lazy\" decoding=\"async\" class=\"alignnone size-thumbnail wp-image-1978\" src=\"https:\/\/ffw-lauenstein.de\/wp-content\/uploads\/2015\/06\/Laufen_klein-150x150.jpg\" alt=\"Laufen_klein\" width=\"150\" height=\"150\" \/><\/a> <a href=\"https:\/\/ffw-lauenstein.de\/wp-content\/uploads\/2015\/06\/Knoten_klein.jpg\"><img loading=\"lazy\" decoding=\"async\" class=\"alignnone size-thumbnail wp-image-1980\" src=\"https:\/\/ffw-lauenstein.de\/wp-content\/uploads\/2015\/06\/Knoten_klein-150x150.jpg\" alt=\"Knoten_klein\" width=\"150\" height=\"150\" \/><\/a> <a href=\"https:\/\/ffw-lauenstein.de\/wp-content\/uploads\/2015\/06\/Gruppenbild_klein.jpg\"><img loading=\"lazy\" decoding=\"async\" class=\"alignnone size-thumbnail wp-image-1979\" src=\"https:\/\/ffw-lauenstein.de\/wp-content\/uploads\/2015\/06\/Gruppenbild_klein-150x150.jpg\" alt=\"Gruppenbild_klein\" width=\"150\" height=\"150\" \/><\/a><\/p>\n","protected":false},"excerpt":{"rendered":"<p>Zum ersten Mal hat sich die Jugendfeuerwehr Lauenstein mit Hemmendorf zusammengetan um gemeinsamen \u00dcbungsdienst zu gestalten. Eine\u00a0sehr gute Zusammenarbeit, ist dabei herausgekommen. Diese gute Zusammenarbeit kann man an den Erfolgen &hellip; <a href=\"https:\/\/www.ffw-lauenstein.de\/?p=1975\" class=\"more-link\"><span class=\"screen-reader-text\">\u201eErfolgreiche Wettbewerbe der JF Lauenstein\/Hemmendorf\u201c <\/span>weiterlesen<\/a><\/p>\n","protected":false},"author":4,"featured_media":0,"comment_status":"closed","ping_status":"open","sticky":false,"template":"","format":"standard","meta":{"ngg_post_thumbnail":0,"footnotes":""},"categories":[13],"tags":[],"class_list":["post-1975","post","type-post","status-publish","format-standard","hentry","category-sonstiges"],"_links":{"self":[{"href":"https:\/\/www.ffw-lauenstein.de\/index.php?rest_route=\/wp\/v2\/posts\/1975","targetHints":{"allow":["GET"]}}],"collection":[{"href":"https:\/\/www.ffw-lauenstein.de\/index.php?rest_route=\/wp\/v2\/posts"}],"about":[{"href":"https:\/\/www.ffw-lauenstein.de\/index.php?rest_route=\/wp\/v2\/types\/post"}],"author":[{"embeddable":true,"href":"https:\/\/www.ffw-lauenstein.de\/index.php?rest_route=\/wp\/v2\/users\/4"}],"replies":[{"embeddable":true,"href":"https:\/\/www.ffw-lauenstein.de\/index.php?rest_route=%2Fwp%2Fv2%2Fcomments&post=1975"}],"version-history":[{"count":2,"href":"https:\/\/www.ffw-lauenstein.de\/index.php?rest_route=\/wp\/v2\/posts\/1975\/revisions"}],"predecessor-version":[{"id":1982,"href":"https:\/\/www.ffw-lauenstein.de\/index.php?rest_route=\/wp\/v2\/posts\/1975\/revisions\/1982"}],"wp:attachment":[{"href":"https:\/\/www.ffw-lauenstein.de\/index.php?rest_route=%2Fwp%2Fv2%2Fmedia&parent=1975"}],"wp:term":[{"taxonomy":"category","embeddable":true,"href":"https:\/\/www.ffw-lauenstein.de\/index.php?rest_route=%2Fwp%2Fv2%2Fcategories&post=1975"},{"taxonomy":"post_tag","embeddable":true,"href":"https:\/\/www.ffw-lauenstein.de\/index.php?rest_route=%2Fwp%2Fv2%2Ftags&post=1975"}],"curies":[{"name":"wp","href":"https:\/\/api.w.org\/{rel}","templated":true}]}}