{"id":1991,"date":"2015-06-29T21:27:05","date_gmt":"2015-06-29T19:27:05","guid":{"rendered":"http:\/\/www.ffw-lauenstein.de\/?p=1991"},"modified":"2015-06-29T21:27:05","modified_gmt":"2015-06-29T19:27:05","slug":"zweiter-platz-beim-spassmarsch-der-kinderfeuerwehr","status":"publish","type":"post","link":"https:\/\/www.ffw-lauenstein.de\/?p=1991","title":{"rendered":"Zweiter Platz beim Spa\u00dfmarsch der Kinderfeuerwehr"},"content":{"rendered":"<p>Am 25.04.15 nahmen die Lauensteiner L\u00f6schtiger an ihrem zweiten Spa\u00dfmarsch teil. Dieses mal fand er in Eimbeckhausen statt. Trotz des schlechten Wetters und des langen Fu\u00dfweges hatten die Kinder sehr viel Spa\u00df daran, die ihnen gestellten Aufgaben zu erf\u00fcllen. Die Kinder mussten unter anderem Schleifen z\u00e4hlen und Puzzelteile einsammeln die am Wegrand versteckt waren und mit der K\u00fcbelspritze Tischtennisb\u00e4lle durch eine Regenrinne spritzen. Nach langem Warten ging es dann auch zur Siegerehrung. Dort hielten die Kinder es vor Aufregung kaum aus, denn die Lauensteiner L\u00f6schtiger belegten Platz 2 von 29 teilnehmenden Gruppen. Wir sind stolz auf diese Leistung.<\/p>\n","protected":false},"excerpt":{"rendered":"<p>Am 25.04.15 nahmen die Lauensteiner L\u00f6schtiger an ihrem zweiten Spa\u00dfmarsch teil. Dieses mal fand er in Eimbeckhausen statt. Trotz des schlechten Wetters und des langen Fu\u00dfweges hatten die Kinder sehr &hellip; <a href=\"https:\/\/www.ffw-lauenstein.de\/?p=1991\" class=\"more-link\"><span class=\"screen-reader-text\">\u201eZweiter Platz beim Spa\u00dfmarsch der Kinderfeuerwehr\u201c <\/span>weiterlesen<\/a><\/p>\n","protected":false},"author":4,"featured_media":0,"comment_status":"closed","ping_status":"open","sticky":false,"template":"","format":"standard","meta":{"ngg_post_thumbnail":0,"footnotes":""},"categories":[13],"tags":[],"class_list":["post-1991","post","type-post","status-publish","format-standard","hentry","category-sonstiges"],"_links":{"self":[{"href":"https:\/\/www.ffw-lauenstein.de\/index.php?rest_route=\/wp\/v2\/posts\/1991","targetHints":{"allow":["GET"]}}],"collection":[{"href":"https:\/\/www.ffw-lauenstein.de\/index.php?rest_route=\/wp\/v2\/posts"}],"about":[{"href":"https:\/\/www.ffw-lauenstein.de\/index.php?rest_route=\/wp\/v2\/types\/post"}],"author":[{"embeddable":true,"href":"https:\/\/www.ffw-lauenstein.de\/index.php?rest_route=\/wp\/v2\/users\/4"}],"replies":[{"embeddable":true,"href":"https:\/\/www.ffw-lauenstein.de\/index.php?rest_route=%2Fwp%2Fv2%2Fcomments&post=1991"}],"version-history":[{"count":1,"href":"https:\/\/www.ffw-lauenstein.de\/index.php?rest_route=\/wp\/v2\/posts\/1991\/revisions"}],"predecessor-version":[{"id":1992,"href":"https:\/\/www.ffw-lauenstein.de\/index.php?rest_route=\/wp\/v2\/posts\/1991\/revisions\/1992"}],"wp:attachment":[{"href":"https:\/\/www.ffw-lauenstein.de\/index.php?rest_route=%2Fwp%2Fv2%2Fmedia&parent=1991"}],"wp:term":[{"taxonomy":"category","embeddable":true,"href":"https:\/\/www.ffw-lauenstein.de\/index.php?rest_route=%2Fwp%2Fv2%2Fcategories&post=1991"},{"taxonomy":"post_tag","embeddable":true,"href":"https:\/\/www.ffw-lauenstein.de\/index.php?rest_route=%2Fwp%2Fv2%2Ftags&post=1991"}],"curies":[{"name":"wp","href":"https:\/\/api.w.org\/{rel}","templated":true}]}}