{"id":2001,"date":"2015-07-16T21:57:02","date_gmt":"2015-07-16T19:57:02","guid":{"rendered":"http:\/\/www.ffw-lauenstein.de\/?p=2001"},"modified":"2015-09-27T20:18:39","modified_gmt":"2015-09-27T18:18:39","slug":"baum-auf-strasse-im-vogelsang","status":"publish","type":"post","link":"https:\/\/www.ffw-lauenstein.de\/?p=2001","title":{"rendered":"Baum auf Stra\u00dfe im Vogelsang"},"content":{"rendered":"<p>Nach vielen hei\u00dfen Tagen kam die Abk\u00fchlung. Heftige Hitzegewitter zogen unteranderem \u00fcber das Weserbergland hinweg. Lauenstein hat es auch erwischt. Allerdings hatte man auch Gl\u00fcck das keine gro\u00dfen Sch\u00e4den oder \u00dcberschwemmungen passiert sind. Kurz nach dem das Unwetter \u00fcber den Ort weggezogen ist, um 20:07 Uhr,\u00a0kam die Alarmierung f\u00fcr die FFW Lauenstein. Ein Baum lag in der Stra\u00dfe Vogelsang und versperrte diese. Die Kameraden haben mit Hilfe der Motorkettens\u00e4ge den Baum zers\u00e4gt und die Einzelteile an die Stra\u00dfenseite gelegt. Anschlie\u00dfend hat man die Stra\u00dfe mit Besen gereinigt.<\/p>\n","protected":false},"excerpt":{"rendered":"<p>Nach vielen hei\u00dfen Tagen kam die Abk\u00fchlung. Heftige Hitzegewitter zogen unteranderem \u00fcber das Weserbergland hinweg. Lauenstein hat es auch erwischt. Allerdings hatte man auch Gl\u00fcck das keine gro\u00dfen Sch\u00e4den oder &hellip; <a href=\"https:\/\/www.ffw-lauenstein.de\/?p=2001\" class=\"more-link\"><span class=\"screen-reader-text\">\u201eBaum auf Stra\u00dfe im Vogelsang\u201c <\/span>weiterlesen<\/a><\/p>\n","protected":false},"author":4,"featured_media":0,"comment_status":"closed","ping_status":"open","sticky":false,"template":"","format":"standard","meta":{"ngg_post_thumbnail":0,"footnotes":""},"categories":[1],"tags":[],"class_list":["post-2001","post","type-post","status-publish","format-standard","hentry","category-veranstaltungen"],"_links":{"self":[{"href":"https:\/\/www.ffw-lauenstein.de\/index.php?rest_route=\/wp\/v2\/posts\/2001","targetHints":{"allow":["GET"]}}],"collection":[{"href":"https:\/\/www.ffw-lauenstein.de\/index.php?rest_route=\/wp\/v2\/posts"}],"about":[{"href":"https:\/\/www.ffw-lauenstein.de\/index.php?rest_route=\/wp\/v2\/types\/post"}],"author":[{"embeddable":true,"href":"https:\/\/www.ffw-lauenstein.de\/index.php?rest_route=\/wp\/v2\/users\/4"}],"replies":[{"embeddable":true,"href":"https:\/\/www.ffw-lauenstein.de\/index.php?rest_route=%2Fwp%2Fv2%2Fcomments&post=2001"}],"version-history":[{"count":2,"href":"https:\/\/www.ffw-lauenstein.de\/index.php?rest_route=\/wp\/v2\/posts\/2001\/revisions"}],"predecessor-version":[{"id":2116,"href":"https:\/\/www.ffw-lauenstein.de\/index.php?rest_route=\/wp\/v2\/posts\/2001\/revisions\/2116"}],"wp:attachment":[{"href":"https:\/\/www.ffw-lauenstein.de\/index.php?rest_route=%2Fwp%2Fv2%2Fmedia&parent=2001"}],"wp:term":[{"taxonomy":"category","embeddable":true,"href":"https:\/\/www.ffw-lauenstein.de\/index.php?rest_route=%2Fwp%2Fv2%2Fcategories&post=2001"},{"taxonomy":"post_tag","embeddable":true,"href":"https:\/\/www.ffw-lauenstein.de\/index.php?rest_route=%2Fwp%2Fv2%2Ftags&post=2001"}],"curies":[{"name":"wp","href":"https:\/\/api.w.org\/{rel}","templated":true}]}}