{"id":2006,"date":"2015-07-19T23:39:20","date_gmt":"2015-07-19T21:39:20","guid":{"rendered":"http:\/\/www.ffw-lauenstein.de\/?p=2006"},"modified":"2015-07-21T10:50:22","modified_gmt":"2015-07-21T08:50:22","slug":"ffw-lauenstein-belegt-platz-2-beim-kreiswettbewerb","status":"publish","type":"post","link":"https:\/\/www.ffw-lauenstein.de\/?p=2006","title":{"rendered":"FFW Lauenstein belegt Platz 2 beim Kreiswettbewerb"},"content":{"rendered":"<p>F\u00fcr den Sieg hat es beim &#8222;Heimvorteil&#8220; nicht gereicht. Aber die Gruppe der FFW Lauenstein belegte beim Feuerwehr-Kreiswettbewerb, der am Samstag, 18.Juli 2015 auf dem Parkplatz des ehemaligen OKAL-Musterhauszentrum stattfand, immerhin den 2.Platz.<\/p>\n<p>Damit qualifizierte sich die FFW Lauenstein erneut f\u00fcr den Regionalentscheid (&#8222;Bezirkswettbewerb&#8220;), der im n\u00e4chsten Jahr ausgetragen wird.<\/p>\n<p>Platz 1 ging in der LF-Wertung an Hemeringen I und 3. wurde die Werkfeuerwehr der Aerzener Maschinenfabrik.<\/p>\n<p>In der TSF-Wertung und LF-Wertung waren insgesamt 18 Wehren \/\u00a0Gruppen aus dem Landkreis Hameln-Pyrmont angetreten.\u00a0Au\u00dferdem waren die Feuerwehren Salzderhelden (Landkreis Northeim) und Westerbrak (Landkreis Holzminden) als G\u00e4ste dabei.<\/p>\n<p>Der stellvertr. Kreisbrandmeister Frank M\u00fcller zeigte sich bei der Siegerehrung mit den Leistungen aller Teilnehmer-Gruppen zufrieden und bedankte sich bei Herrn Otto Kreibaum, der den Parkplatz f\u00fcr den Kreiswettbewerb zur Verf\u00fcgung gestellt hatte, mit einem Pr\u00e4sent.<\/p>\n<p><img loading=\"lazy\" decoding=\"async\" class=\" size-full wp-image-2007 alignnone\" src=\"https:\/\/ffw-lauenstein.de\/wp-content\/uploads\/2015\/07\/Kreis-Wettb.-2015.jpg\" alt=\"Kreis-Wettb. 2015\" width=\"960\" height=\"640\" srcset=\"https:\/\/www.ffw-lauenstein.de\/wp-content\/uploads\/2015\/07\/Kreis-Wettb.-2015.jpg 960w, https:\/\/www.ffw-lauenstein.de\/wp-content\/uploads\/2015\/07\/Kreis-Wettb.-2015-300x200.jpg 300w, https:\/\/www.ffw-lauenstein.de\/wp-content\/uploads\/2015\/07\/Kreis-Wettb.-2015-150x100.jpg 150w\" sizes=\"auto, (max-width: 709px) 85vw, (max-width: 909px) 67vw, (max-width: 1362px) 62vw, 840px\" \/><\/p>\n<p><strong>Die Wettbewerbsgruppe der FFW Lauenstein 2015<\/strong><\/p>\n<p>Oben, von links: Alina Cichy (Melderin), J\u00f6rn Cyperski (Angriffstruppf\u00fchrer), Mark Wendlandt (Angriffstruppmann), Daniel Jermis (Schlauchtruppf\u00fchrer), Kai Wendlandt (Gruppenf\u00fchrer) \u00a0 \u00a0 \u00a0\u00a0Unten, von links: Ferenc Bockstiegel (Wassertruppmann), Bernd Hoffmann (Maschinist),\u00a0Henning Brock (Wassertruppf\u00fchrer), Fiona Ulbrich (Schlauchtruppfrau)<\/p>\n<p>&nbsp;<\/p>\n<p><em><strong>Weitere Fotos vom Kreiswettbewerb 2015 befinden sich\u00a0in der Rubrik &#8222;Fotogalerien&#8220;.<\/strong><\/em><\/p>\n","protected":false},"excerpt":{"rendered":"<p>F\u00fcr den Sieg hat es beim &#8222;Heimvorteil&#8220; nicht gereicht. Aber die Gruppe der FFW Lauenstein belegte beim Feuerwehr-Kreiswettbewerb, der am Samstag, 18.Juli 2015 auf dem Parkplatz des ehemaligen OKAL-Musterhauszentrum stattfand, &hellip; <a href=\"https:\/\/www.ffw-lauenstein.de\/?p=2006\" class=\"more-link\"><span class=\"screen-reader-text\">\u201eFFW Lauenstein belegt Platz 2 beim Kreiswettbewerb\u201c <\/span>weiterlesen<\/a><\/p>\n","protected":false},"author":3,"featured_media":0,"comment_status":"closed","ping_status":"open","sticky":false,"template":"","format":"standard","meta":{"ngg_post_thumbnail":0,"footnotes":""},"categories":[1],"tags":[],"class_list":["post-2006","post","type-post","status-publish","format-standard","hentry","category-veranstaltungen"],"_links":{"self":[{"href":"https:\/\/www.ffw-lauenstein.de\/index.php?rest_route=\/wp\/v2\/posts\/2006","targetHints":{"allow":["GET"]}}],"collection":[{"href":"https:\/\/www.ffw-lauenstein.de\/index.php?rest_route=\/wp\/v2\/posts"}],"about":[{"href":"https:\/\/www.ffw-lauenstein.de\/index.php?rest_route=\/wp\/v2\/types\/post"}],"author":[{"embeddable":true,"href":"https:\/\/www.ffw-lauenstein.de\/index.php?rest_route=\/wp\/v2\/users\/3"}],"replies":[{"embeddable":true,"href":"https:\/\/www.ffw-lauenstein.de\/index.php?rest_route=%2Fwp%2Fv2%2Fcomments&post=2006"}],"version-history":[{"count":5,"href":"https:\/\/www.ffw-lauenstein.de\/index.php?rest_route=\/wp\/v2\/posts\/2006\/revisions"}],"predecessor-version":[{"id":2009,"href":"https:\/\/www.ffw-lauenstein.de\/index.php?rest_route=\/wp\/v2\/posts\/2006\/revisions\/2009"}],"wp:attachment":[{"href":"https:\/\/www.ffw-lauenstein.de\/index.php?rest_route=%2Fwp%2Fv2%2Fmedia&parent=2006"}],"wp:term":[{"taxonomy":"category","embeddable":true,"href":"https:\/\/www.ffw-lauenstein.de\/index.php?rest_route=%2Fwp%2Fv2%2Fcategories&post=2006"},{"taxonomy":"post_tag","embeddable":true,"href":"https:\/\/www.ffw-lauenstein.de\/index.php?rest_route=%2Fwp%2Fv2%2Ftags&post=2006"}],"curies":[{"name":"wp","href":"https:\/\/api.w.org\/{rel}","templated":true}]}}