{"id":2104,"date":"2015-09-21T20:21:46","date_gmt":"2015-09-21T18:21:46","guid":{"rendered":"http:\/\/www.ffw-lauenstein.de\/?p=2104"},"modified":"2015-09-30T20:18:53","modified_gmt":"2015-09-30T18:18:53","slug":"standortverlegung-der-kat-s-bereitschaft-hameln-pyrmont","status":"publish","type":"post","link":"https:\/\/www.ffw-lauenstein.de\/?p=2104","title":{"rendered":"Standortverlegung der Kat-S Bereitschaft Hameln-Pyrmont"},"content":{"rendered":"<p>Die Kat-S Bereitschaft des Landkreises Hameln-Pyrmont f\u00fchrte vom 04.09.-06.09.2015 eine &#8222;Standortverlegung&#8220; in den Landkreis G\u00f6ttingen durch. Woran auch der Messwagen Lauenstein mit 5 Kameraden teilnahm.<\/p>\n<p>Ziel war es, die Arbeitsweise der Kreisfeuerwehrbereitschaft Mitte des Landkreises G\u00f6ttingen, insbesondere die der Messfahrzeuge kennen zu lernen.<\/p>\n<p>Am Freitagabend wurden die Kameraden aus dem Kreis Hameln-Pyrmont von der Autobahnrastst\u00e4tte G\u00f6ttingen West, bei Mengershausen, abgeholt und zu ihrer Unterkunft nach Bremke, in der Gemeinde Gleichen, gebracht.<\/p>\n<p>Samstagvormittag mussten die Fahrzeuge aus dem Landkreis Hameln-Pyrmont eine Funk- und Fahr\u00fcbung als Wettbewerb anhand von Koordinaten durchf\u00fchren und an mehreren Stationen verschiedene Aufgaben erf\u00fcllen. Dabei haben die Kameraden aus Lauenstein mit dem Messtrupp aus Rumbeck zusammen gearbeitet und haben den 2. Platz belegt.<\/p>\n<p>Nachmittags gab es\u00a0in Rittmarshausen neben einer Fahrzeugvorstellung des GW-Mess auch eine Ausbildungseinheit zum Thema Probennahme, die von den Diemardener Einsatzkr\u00e4ften abgehalten wurde.<\/p>\n<p>Am Sonntag beendeten die Kameraden ihren Besuch und machten sich wieder auf den Weg in die Heimat.<\/p>\n<p>Wir bedanken uns f\u00fcr die gute Zusammenarbeit und den regen Austausch. Ein gro\u00dfer Dank geht auch an die Gemeinde Gleichen, Ortsfeuerwehr Bremke und allen Kameraden die mit geholfen haben.<\/p>\n<p><a href=\"https:\/\/ffw-lauenstein.de\/wp-content\/uploads\/2015\/09\/Standortverlegung-2015_1.jpg\"><img loading=\"lazy\" decoding=\"async\" class=\"alignnone size-thumbnail wp-image-2105\" src=\"https:\/\/ffw-lauenstein.de\/wp-content\/uploads\/2015\/09\/Standortverlegung-2015_1-150x150.jpg\" alt=\"Standortverlegung 2015_1\" width=\"150\" height=\"150\" \/><\/a> <a href=\"https:\/\/ffw-lauenstein.de\/wp-content\/uploads\/2015\/09\/Standortverlegung-2015_2.jpg\"><img loading=\"lazy\" decoding=\"async\" class=\"alignnone size-thumbnail wp-image-2106\" src=\"https:\/\/ffw-lauenstein.de\/wp-content\/uploads\/2015\/09\/Standortverlegung-2015_2-150x150.jpg\" alt=\"Standortverlegung 2015_2\" width=\"150\" height=\"150\" \/><\/a> <a href=\"https:\/\/ffw-lauenstein.de\/wp-content\/uploads\/2015\/09\/Standortverlegung-2015_3.jpg\"><img loading=\"lazy\" decoding=\"async\" class=\"alignnone size-thumbnail wp-image-2107\" src=\"https:\/\/ffw-lauenstein.de\/wp-content\/uploads\/2015\/09\/Standortverlegung-2015_3-150x150.jpg\" alt=\"Standortverlegung 2015_3\" width=\"150\" height=\"150\" \/><\/a> <a href=\"https:\/\/ffw-lauenstein.de\/wp-content\/uploads\/2015\/09\/Standortverlegung-2015_4.jpg\"><img loading=\"lazy\" decoding=\"async\" class=\"alignnone size-thumbnail wp-image-2108\" src=\"https:\/\/ffw-lauenstein.de\/wp-content\/uploads\/2015\/09\/Standortverlegung-2015_4-150x150.jpg\" alt=\"Standortverlegung 2015_4\" width=\"150\" height=\"150\" \/><\/a> <a href=\"https:\/\/ffw-lauenstein.de\/wp-content\/uploads\/2015\/09\/Standortverlegung-2015_5.jpg\"><img loading=\"lazy\" decoding=\"async\" class=\"alignnone size-thumbnail wp-image-2109\" src=\"https:\/\/ffw-lauenstein.de\/wp-content\/uploads\/2015\/09\/Standortverlegung-2015_5-150x150.jpg\" alt=\"Standortverlegung 2015_5\" width=\"150\" height=\"150\" \/><\/a> <a href=\"https:\/\/ffw-lauenstein.de\/wp-content\/uploads\/2015\/09\/Standortverlegung-2015_6.jpg\"><img loading=\"lazy\" decoding=\"async\" class=\"alignnone size-thumbnail wp-image-2110\" src=\"https:\/\/ffw-lauenstein.de\/wp-content\/uploads\/2015\/09\/Standortverlegung-2015_6-150x150.jpg\" alt=\"Standortverlegung 2015_6\" width=\"150\" height=\"150\" \/><\/a><\/p>\n<p>&nbsp;<\/p>\n","protected":false},"excerpt":{"rendered":"<p>Die Kat-S Bereitschaft des Landkreises Hameln-Pyrmont f\u00fchrte vom 04.09.-06.09.2015 eine &#8222;Standortverlegung&#8220; in den Landkreis G\u00f6ttingen durch. Woran auch der Messwagen Lauenstein mit 5 Kameraden teilnahm. Ziel war es, die Arbeitsweise &hellip; <a href=\"https:\/\/www.ffw-lauenstein.de\/?p=2104\" class=\"more-link\"><span class=\"screen-reader-text\">\u201eStandortverlegung der Kat-S Bereitschaft Hameln-Pyrmont\u201c <\/span>weiterlesen<\/a><\/p>\n","protected":false},"author":4,"featured_media":0,"comment_status":"closed","ping_status":"open","sticky":false,"template":"","format":"standard","meta":{"ngg_post_thumbnail":0,"footnotes":""},"categories":[13],"tags":[],"class_list":["post-2104","post","type-post","status-publish","format-standard","hentry","category-sonstiges"],"_links":{"self":[{"href":"https:\/\/www.ffw-lauenstein.de\/index.php?rest_route=\/wp\/v2\/posts\/2104","targetHints":{"allow":["GET"]}}],"collection":[{"href":"https:\/\/www.ffw-lauenstein.de\/index.php?rest_route=\/wp\/v2\/posts"}],"about":[{"href":"https:\/\/www.ffw-lauenstein.de\/index.php?rest_route=\/wp\/v2\/types\/post"}],"author":[{"embeddable":true,"href":"https:\/\/www.ffw-lauenstein.de\/index.php?rest_route=\/wp\/v2\/users\/4"}],"replies":[{"embeddable":true,"href":"https:\/\/www.ffw-lauenstein.de\/index.php?rest_route=%2Fwp%2Fv2%2Fcomments&post=2104"}],"version-history":[{"count":2,"href":"https:\/\/www.ffw-lauenstein.de\/index.php?rest_route=\/wp\/v2\/posts\/2104\/revisions"}],"predecessor-version":[{"id":2118,"href":"https:\/\/www.ffw-lauenstein.de\/index.php?rest_route=\/wp\/v2\/posts\/2104\/revisions\/2118"}],"wp:attachment":[{"href":"https:\/\/www.ffw-lauenstein.de\/index.php?rest_route=%2Fwp%2Fv2%2Fmedia&parent=2104"}],"wp:term":[{"taxonomy":"category","embeddable":true,"href":"https:\/\/www.ffw-lauenstein.de\/index.php?rest_route=%2Fwp%2Fv2%2Fcategories&post=2104"},{"taxonomy":"post_tag","embeddable":true,"href":"https:\/\/www.ffw-lauenstein.de\/index.php?rest_route=%2Fwp%2Fv2%2Ftags&post=2104"}],"curies":[{"name":"wp","href":"https:\/\/api.w.org\/{rel}","templated":true}]}}