{"id":2287,"date":"2016-01-06T21:13:15","date_gmt":"2016-01-06T19:13:15","guid":{"rendered":"http:\/\/www.ffw-lauenstein.de\/?p=2287"},"modified":"2016-01-06T21:13:15","modified_gmt":"2016-01-06T19:13:15","slug":"gemeinsames-fruehstuecken-nach-der-versammlung-der-einsatzabteilung","status":"publish","type":"post","link":"https:\/\/www.ffw-lauenstein.de\/?p=2287","title":{"rendered":"Gemeinsames fr\u00fchst\u00fccken nach der Versammlung der Einsatzabteilung"},"content":{"rendered":"<p>Der Ortsbrandmeister der FFW Lauenstein hat alle aktiven Mitglieder zur j\u00e4hrlichen Versammlung der Einsatzabteilung eingeladen.<\/p>\n<p>Der Einladung sind viele der 35 aktiven Mitglieder gefolgt. Der Ortsbrandmeister hat das Jahr 2015 Revue passieren lassen. \u00dcber einige Themen hat man sich dann gemeinsam unterhalten. Danach wurde ein kurzer Vorausblick auf das Jahr 2016 gemacht. Auch in diesem Jahr stehen viele Veranstaltungen f\u00fcr die Kameraden der Freiwilligen Feuerwehr Lauenstein an. Unteranderem das 50-j\u00e4hrige Bestehen der Jugendfeuerwehr Lauenstein. Au\u00dferdem wird wieder eine Feuerwehrfahrt veranstaltet. Die Wettbewerbsgruppe hat sich f\u00fcr den Regionalentscheid qualifiziert. Zus\u00e4tzlich wird die Wettbewerbsgruppe zum ersten Mal an einem Kuppelcontest in M\u00f6llenbeck teilnehmen.<\/p>\n<p>Nach Beendigung der ca. einst\u00fcndigen internen Versammlung hat man im Feuerwehrhaus Lauenstein gefr\u00fchst\u00fcckt. Hierzu wurden die Partner, sowie die Kinder, der Mitglieder und die Altersabteilung eingeladen. In dem prall gef\u00fcllten Feuerwehrhaus wurde aus dem Fr\u00fchst\u00fcck ein gem\u00fctliches Beisammen mit vielen Gespr\u00e4chen.<\/p>\n","protected":false},"excerpt":{"rendered":"<p>Der Ortsbrandmeister der FFW Lauenstein hat alle aktiven Mitglieder zur j\u00e4hrlichen Versammlung der Einsatzabteilung eingeladen. Der Einladung sind viele der 35 aktiven Mitglieder gefolgt. Der Ortsbrandmeister hat das Jahr 2015 &hellip; <a href=\"https:\/\/www.ffw-lauenstein.de\/?p=2287\" class=\"more-link\"><span class=\"screen-reader-text\">\u201eGemeinsames fr\u00fchst\u00fccken nach der Versammlung der Einsatzabteilung\u201c <\/span>weiterlesen<\/a><\/p>\n","protected":false},"author":4,"featured_media":0,"comment_status":"closed","ping_status":"open","sticky":false,"template":"","format":"standard","meta":{"ngg_post_thumbnail":0,"footnotes":""},"categories":[13],"tags":[],"class_list":["post-2287","post","type-post","status-publish","format-standard","hentry","category-sonstiges"],"_links":{"self":[{"href":"https:\/\/www.ffw-lauenstein.de\/index.php?rest_route=\/wp\/v2\/posts\/2287","targetHints":{"allow":["GET"]}}],"collection":[{"href":"https:\/\/www.ffw-lauenstein.de\/index.php?rest_route=\/wp\/v2\/posts"}],"about":[{"href":"https:\/\/www.ffw-lauenstein.de\/index.php?rest_route=\/wp\/v2\/types\/post"}],"author":[{"embeddable":true,"href":"https:\/\/www.ffw-lauenstein.de\/index.php?rest_route=\/wp\/v2\/users\/4"}],"replies":[{"embeddable":true,"href":"https:\/\/www.ffw-lauenstein.de\/index.php?rest_route=%2Fwp%2Fv2%2Fcomments&post=2287"}],"version-history":[{"count":1,"href":"https:\/\/www.ffw-lauenstein.de\/index.php?rest_route=\/wp\/v2\/posts\/2287\/revisions"}],"predecessor-version":[{"id":2288,"href":"https:\/\/www.ffw-lauenstein.de\/index.php?rest_route=\/wp\/v2\/posts\/2287\/revisions\/2288"}],"wp:attachment":[{"href":"https:\/\/www.ffw-lauenstein.de\/index.php?rest_route=%2Fwp%2Fv2%2Fmedia&parent=2287"}],"wp:term":[{"taxonomy":"category","embeddable":true,"href":"https:\/\/www.ffw-lauenstein.de\/index.php?rest_route=%2Fwp%2Fv2%2Fcategories&post=2287"},{"taxonomy":"post_tag","embeddable":true,"href":"https:\/\/www.ffw-lauenstein.de\/index.php?rest_route=%2Fwp%2Fv2%2Ftags&post=2287"}],"curies":[{"name":"wp","href":"https:\/\/api.w.org\/{rel}","templated":true}]}}