{"id":2319,"date":"2016-01-24T14:35:09","date_gmt":"2016-01-24T12:35:09","guid":{"rendered":"http:\/\/www.ffw-lauenstein.de\/?p=2319"},"modified":"2016-01-24T14:58:54","modified_gmt":"2016-01-24T12:58:54","slug":"jugendfeuerwehr-lauenstein-jahreshauptversammlung-2016","status":"publish","type":"post","link":"https:\/\/www.ffw-lauenstein.de\/?p=2319","title":{"rendered":"Jugendfeuerwehr Lauenstein &#8211; Jahreshauptversammlung 2016"},"content":{"rendered":"<p>Von einem \u201eechten Highlight\u201c sprach Jugendwart Jens Brock bei der diesj\u00e4hrigen Jahreshauptversammlung der Jugendfeuerwehr Lauenstein.<\/p>\n<p>Am 14.Mai feiert der Lauensteiner Feuerwehr-Nachwuchs sein 50-j\u00e4hriges Bestehen.<\/p>\n<p>Gefeiert wird im Naturerlebnisbad mit einem Historischen Wettbewerb.<\/p>\n<p>Eingeladen sind hierzu befreundete Jugendfeuerwehren.<\/p>\n<p>Dar\u00fcber hinaus treten Lauensteiner Vereine und Freiwillige Feuerwehren in einer weiteren Wertungsgruppe an der Handdruckspritze an.<\/p>\n<p>Zum Festakt am Abend sind neben Ehreng\u00e4sten alle ehemaligen Jugendwarte sowie die Gr\u00fcndungsmitglieder von 1966 eingeladen.<\/p>\n<p>Die Jugendfeuerwehr der Partnerwehr Schmerzke (Brandenburg) wird an diesem Wochenende auch dabei sein. Gemeinsam findet dann das j\u00e4hrliche Pfingstzeltlager statt.<\/p>\n<p>Im vergangenen Jahr traf sich die Jugendfeuerwehr zu 58 Terminen und leistete insgesamt 190 Stunden \u00a0Dienst.<\/p>\n<p>Gruppenf\u00fchrerin Jasmin Risch berichtete von einem Tagesausflug nach Wolfsburg. Dort wurden mit gro\u00dfer Begeisterung das \u201ePhaeno\u201c und Norddeutschlands gr\u00f6\u00dftes Hallenerlebnisbad besucht.<\/p>\n<p>Sorgen bereitet den Jugendwarten Jens Brock und Patrick Gr\u00fctz der aktuelle Mitgliederstand. Derzeit geh\u00f6ren der Jugendwehr lediglich vier Jugendliche an, so dass die Lauensteiner eng mit der Jugendfeuerwehr Hemmendorf zusammenarbeiten und vieles zusammen unternehmen. \u201eDiese Zusammenarbeit klappt sehr gut\u201c, stellt Jens Brock fest.<\/p>\n<p>Gemeinsam wurde in 2015 der 1.Platz beim Gemeindewettbewerb erreicht.<\/p>\n<p>Jasmin Risch und Erik W\u00f6hler haben zudem die Pr\u00fcfung zur Jugendfeuerwehr-Leistungsspange erfolgreich bestanden.<\/p>\n<p>Gruppenf\u00fchrerin Jasmin Risch wurde in der Versammlung wiedergew\u00e4hlt und fungiert au\u00dferdem als Schriftf\u00fchrerin.<\/p>\n<p>Kleider- und Ger\u00e4tewart bleibt Erik W\u00f6hler und Julian Kuhst\u00e4ller wird auch zuk\u00fcnftig beim Jugendforum der Gemeindejugendfeuerwehr mitwirken.<\/p>\n<p>Gemeindejugendwartin Ina Roloff und\u00a0 Kreisjugendwart Thomas Kurbgeweit bedankten sich besonders bei den beiden Jugendwarten Jens Brock und Patrick Gr\u00fctz f\u00fcr ihre geleistete Arbeit.<\/p>\n<p>\u201eSich neben Familie und Beruf sowie dem Dienst in der Einsatzabteilung auch noch viele Stunden f\u00fcr die Jugendfeuerwehr zu engagieren,\u00a0verdient gr\u00f6\u00dften Respekt\u201c, so Kurbgeweit.<\/p>\n<p>Der stellvertretende Ortsbrandmeister Matthias Kutz hofft indes, dass sich die Arbeit der Kinderfeuerwehr auch bald f\u00fcr die Jugendfeuerwehr auszahlt.<\/p>\n<p>Ende des Jahres werden die ersten Kinder mit ihrem 10.Geburtstag in die Jugendfeuerwehr wechseln k\u00f6nnen.<\/p>\n<p>Jugendliche zwischen 10 und 16 Jahren, die Lust haben, beim abwechslungsreichen Dienst in der Jugendfeuerwehr mitzumachen, k\u00f6nnen gerne freitags um 17.00 Uhr zu den \u00dcbungen ins Feuerwehrhaus kommen. Weitere Informationen erteilt Jens Brock telefonisch unter 05153 \u2013 8030155.<\/p>\n<p><strong><u><a href=\"https:\/\/ffw-lauenstein.de\/?attachment_id=2321\" rel=\"attachment wp-att-2321\"><img loading=\"lazy\" decoding=\"async\" class=\"aligncenter size-full wp-image-2321\" src=\"https:\/\/ffw-lauenstein.de\/wp-content\/uploads\/2016\/01\/JF_JHV-2016_1_klein.jpg\" alt=\"JF_JHV 2016_1_klein\" width=\"1500\" height=\"1125\" srcset=\"https:\/\/www.ffw-lauenstein.de\/wp-content\/uploads\/2016\/01\/JF_JHV-2016_1_klein.jpg 1500w, https:\/\/www.ffw-lauenstein.de\/wp-content\/uploads\/2016\/01\/JF_JHV-2016_1_klein-300x225.jpg 300w, https:\/\/www.ffw-lauenstein.de\/wp-content\/uploads\/2016\/01\/JF_JHV-2016_1_klein-768x576.jpg 768w, https:\/\/www.ffw-lauenstein.de\/wp-content\/uploads\/2016\/01\/JF_JHV-2016_1_klein-1024x768.jpg 1024w\" sizes=\"auto, (max-width: 709px) 85vw, (max-width: 909px) 67vw, (max-width: 1362px) 62vw, 840px\" \/><\/a><\/u><\/strong><strong><u><a href=\"https:\/\/ffw-lauenstein.de\/?attachment_id=2322\" rel=\"attachment wp-att-2322\"><img loading=\"lazy\" decoding=\"async\" class=\"aligncenter size-full wp-image-2322\" src=\"https:\/\/ffw-lauenstein.de\/wp-content\/uploads\/2016\/01\/JF_JHV-2016_2_klein.jpg\" alt=\"JF_JHV 2016_2_klein\" width=\"1500\" height=\"1125\" srcset=\"https:\/\/www.ffw-lauenstein.de\/wp-content\/uploads\/2016\/01\/JF_JHV-2016_2_klein.jpg 1500w, https:\/\/www.ffw-lauenstein.de\/wp-content\/uploads\/2016\/01\/JF_JHV-2016_2_klein-300x225.jpg 300w, https:\/\/www.ffw-lauenstein.de\/wp-content\/uploads\/2016\/01\/JF_JHV-2016_2_klein-768x576.jpg 768w, https:\/\/www.ffw-lauenstein.de\/wp-content\/uploads\/2016\/01\/JF_JHV-2016_2_klein-1024x768.jpg 1024w\" sizes=\"auto, (max-width: 709px) 85vw, (max-width: 909px) 67vw, (max-width: 1362px) 62vw, 840px\" \/><\/a><\/u><\/strong><\/p>\n","protected":false},"excerpt":{"rendered":"<p>Von einem \u201eechten Highlight\u201c sprach Jugendwart Jens Brock bei der diesj\u00e4hrigen Jahreshauptversammlung der Jugendfeuerwehr Lauenstein. Am 14.Mai feiert der Lauensteiner Feuerwehr-Nachwuchs sein 50-j\u00e4hriges Bestehen. Gefeiert wird im Naturerlebnisbad mit einem &hellip; <a href=\"https:\/\/www.ffw-lauenstein.de\/?p=2319\" class=\"more-link\"><span class=\"screen-reader-text\">\u201eJugendfeuerwehr Lauenstein &#8211; Jahreshauptversammlung 2016\u201c <\/span>weiterlesen<\/a><\/p>\n","protected":false},"author":3,"featured_media":0,"comment_status":"closed","ping_status":"open","sticky":false,"template":"","format":"standard","meta":{"ngg_post_thumbnail":0,"footnotes":""},"categories":[17],"tags":[],"class_list":["post-2319","post","type-post","status-publish","format-standard","hentry","category-aktuelles"],"_links":{"self":[{"href":"https:\/\/www.ffw-lauenstein.de\/index.php?rest_route=\/wp\/v2\/posts\/2319","targetHints":{"allow":["GET"]}}],"collection":[{"href":"https:\/\/www.ffw-lauenstein.de\/index.php?rest_route=\/wp\/v2\/posts"}],"about":[{"href":"https:\/\/www.ffw-lauenstein.de\/index.php?rest_route=\/wp\/v2\/types\/post"}],"author":[{"embeddable":true,"href":"https:\/\/www.ffw-lauenstein.de\/index.php?rest_route=\/wp\/v2\/users\/3"}],"replies":[{"embeddable":true,"href":"https:\/\/www.ffw-lauenstein.de\/index.php?rest_route=%2Fwp%2Fv2%2Fcomments&post=2319"}],"version-history":[{"count":7,"href":"https:\/\/www.ffw-lauenstein.de\/index.php?rest_route=\/wp\/v2\/posts\/2319\/revisions"}],"predecessor-version":[{"id":2328,"href":"https:\/\/www.ffw-lauenstein.de\/index.php?rest_route=\/wp\/v2\/posts\/2319\/revisions\/2328"}],"wp:attachment":[{"href":"https:\/\/www.ffw-lauenstein.de\/index.php?rest_route=%2Fwp%2Fv2%2Fmedia&parent=2319"}],"wp:term":[{"taxonomy":"category","embeddable":true,"href":"https:\/\/www.ffw-lauenstein.de\/index.php?rest_route=%2Fwp%2Fv2%2Fcategories&post=2319"},{"taxonomy":"post_tag","embeddable":true,"href":"https:\/\/www.ffw-lauenstein.de\/index.php?rest_route=%2Fwp%2Fv2%2Ftags&post=2319"}],"curies":[{"name":"wp","href":"https:\/\/api.w.org\/{rel}","templated":true}]}}