{"id":2329,"date":"2016-01-24T15:03:56","date_gmt":"2016-01-24T13:03:56","guid":{"rendered":"http:\/\/www.ffw-lauenstein.de\/?p=2329"},"modified":"2016-02-07T13:20:04","modified_gmt":"2016-02-07T11:20:04","slug":"jahreshauptversammlung-der-ffw-lauenstein-2016","status":"publish","type":"post","link":"https:\/\/www.ffw-lauenstein.de\/?p=2329","title":{"rendered":"Jahreshauptversammlung der FFW Lauenstein 2016"},"content":{"rendered":"<p>Auch \u00a0ohne Brandeinsatz konnte Ortsbrandmeister Hubert Brock bei der diesj\u00e4hrigen Jahreshauptversammlung der Freiwilligen Feuerwehr Lauenstein\u00a0auf viele Termine im Jahr 2015 zur\u00fcckblicken.<\/p>\n<p>Die Lauensteiner Brandsch\u00fctzer r\u00fcckten zu 7 Hilfeleistungen aus.<\/p>\n<p>Insgesamt z\u00e4hlt die Wehr 442 Mitglieder, von denen 258 dem F\u00f6rderverein angeh\u00f6ren.<\/p>\n<p>Der stellvertretende Ortsbrandmeister Matthias Kutz berichtete, dass die 35 Mitglieder der Einsatzabteilung insgesamt 2.623 Stunden Dienst leisteten.<\/p>\n<p>Hinzu kamen 600 Dienststunden der acht Mitglieder des\u00a0 zur Ortswehr geh\u00f6renden Strahlensp\u00fcr- und Messtrupps. wie der Gruppenf\u00fchrer Uwe W\u00f6hler mitteilte. Der Messtrupp wurde in 2015 zu zwei Lagerhallenbr\u00e4nden in Bad M\u00fcnder und Barntrup gerufen.<\/p>\n<p>Ebenfalls zus\u00e4tzlich leistete die Wettbewerbsgruppe 392 Stunden \u00dcbungsdienst \u2013 gekr\u00f6nt mit dem 2.Platz beim Kreiswettbewerb, der in Lauenstein ausgerichtet wurde.<\/p>\n<p>In diesem Jahr nimmt die Wettbewerbsgruppe beim Kuppelcontest in M\u00f6llenbeck und am Regionlentscheid teil.<\/p>\n<p>Das 25-j\u00e4hrige Bestehen der Feuerwehr-Partnerschaft mit der FFW Schmerzke (Brandenburg) wurde am 3. und 4.Oktober mit einem Treffen in Helmstedt gefeiert.<\/p>\n<p>Die musikalische Leiterin Spielmannszug der Freiwilligen Feuerwehr, Vera Barein, z\u00e4hlte unter anderem neun Auftritte im Vorjahr auf.<\/p>\n<p>Jugendwart Jens Brock berichtete mit Stolz vom 1.Platz beim Gemeindewettbewerb, den die Jugendfeuerwehr Lauenstein gemeinsam mit der JF Hemmendorf erreichte. Die Jugendfeuerwehr feiert in diesem Jahr ihr 50-j\u00e4hriges Bestehen mit einem Historischen Wettbewerb am 14.Mai im Naturerlebnisbad.<\/p>\n<p>Die Leiterin der Kinderfeuerwehr, Mandy Cyperski, zeigte sich erfreut, dass die 2013 gegr\u00fcndete Nachwuchsgruppe gut angenommen<\/p>\n<p>wird und neun Kinder zwischen 6 und 10 Jahren mitmachen.<\/p>\n<p>Eine besonders tolle Leistung zeigten die \u201eL\u00f6schtiger Lauenstein\u201c mit einem 2.Platz beim Spa\u00df-Marsch in Bad M\u00fcnder, an dem 30 Gruppen teilgenommen hatten.<\/p>\n<p>Bef\u00f6rdert wurden Alina Cichy, Fiona Ulbrich und Marielies Wiechmann zur Feuerwehrfrau sowie Florian Risch und Lucas Ulbrich zum Oberfeuerwehrmann.<\/p>\n<p>Der stellvertretende Kreisbrandmeister Frank M\u00fcller ehrte zudem Thorsten Heise und Bernd Hoffmann f\u00fcr 25-j\u00e4hrige Mitgliedschaft.<\/p>\n<p><a href=\"https:\/\/ffw-lauenstein.de\/?attachment_id=2335\" rel=\"attachment wp-att-2335\"><img loading=\"lazy\" decoding=\"async\" class=\"aligncenter size-full wp-image-2335\" src=\"https:\/\/ffw-lauenstein.de\/wp-content\/uploads\/2016\/01\/FFW-23.1.2016-klein.jpg\" alt=\"FFW 23.1.2016 - klein\" width=\"1500\" height=\"1000\" srcset=\"https:\/\/www.ffw-lauenstein.de\/wp-content\/uploads\/2016\/01\/FFW-23.1.2016-klein.jpg 1500w, https:\/\/www.ffw-lauenstein.de\/wp-content\/uploads\/2016\/01\/FFW-23.1.2016-klein-300x200.jpg 300w, https:\/\/www.ffw-lauenstein.de\/wp-content\/uploads\/2016\/01\/FFW-23.1.2016-klein-768x512.jpg 768w, https:\/\/www.ffw-lauenstein.de\/wp-content\/uploads\/2016\/01\/FFW-23.1.2016-klein-1024x683.jpg 1024w, https:\/\/www.ffw-lauenstein.de\/wp-content\/uploads\/2016\/01\/FFW-23.1.2016-klein-150x100.jpg 150w\" sizes=\"auto, (max-width: 709px) 85vw, (max-width: 909px) 67vw, (max-width: 1362px) 62vw, 840px\" \/><\/a><\/p>\n<p>&nbsp;<\/p>\n","protected":false},"excerpt":{"rendered":"<p>Auch \u00a0ohne Brandeinsatz konnte Ortsbrandmeister Hubert Brock bei der diesj\u00e4hrigen Jahreshauptversammlung der Freiwilligen Feuerwehr Lauenstein\u00a0auf viele Termine im Jahr 2015 zur\u00fcckblicken. Die Lauensteiner Brandsch\u00fctzer r\u00fcckten zu 7 Hilfeleistungen aus. Insgesamt &hellip; <a href=\"https:\/\/www.ffw-lauenstein.de\/?p=2329\" class=\"more-link\"><span class=\"screen-reader-text\">\u201eJahreshauptversammlung der FFW Lauenstein 2016\u201c <\/span>weiterlesen<\/a><\/p>\n","protected":false},"author":3,"featured_media":0,"comment_status":"closed","ping_status":"open","sticky":false,"template":"","format":"standard","meta":{"ngg_post_thumbnail":0,"footnotes":""},"categories":[17],"tags":[],"class_list":["post-2329","post","type-post","status-publish","format-standard","hentry","category-aktuelles"],"_links":{"self":[{"href":"https:\/\/www.ffw-lauenstein.de\/index.php?rest_route=\/wp\/v2\/posts\/2329","targetHints":{"allow":["GET"]}}],"collection":[{"href":"https:\/\/www.ffw-lauenstein.de\/index.php?rest_route=\/wp\/v2\/posts"}],"about":[{"href":"https:\/\/www.ffw-lauenstein.de\/index.php?rest_route=\/wp\/v2\/types\/post"}],"author":[{"embeddable":true,"href":"https:\/\/www.ffw-lauenstein.de\/index.php?rest_route=\/wp\/v2\/users\/3"}],"replies":[{"embeddable":true,"href":"https:\/\/www.ffw-lauenstein.de\/index.php?rest_route=%2Fwp%2Fv2%2Fcomments&post=2329"}],"version-history":[{"count":8,"href":"https:\/\/www.ffw-lauenstein.de\/index.php?rest_route=\/wp\/v2\/posts\/2329\/revisions"}],"predecessor-version":[{"id":2339,"href":"https:\/\/www.ffw-lauenstein.de\/index.php?rest_route=\/wp\/v2\/posts\/2329\/revisions\/2339"}],"wp:attachment":[{"href":"https:\/\/www.ffw-lauenstein.de\/index.php?rest_route=%2Fwp%2Fv2%2Fmedia&parent=2329"}],"wp:term":[{"taxonomy":"category","embeddable":true,"href":"https:\/\/www.ffw-lauenstein.de\/index.php?rest_route=%2Fwp%2Fv2%2Fcategories&post=2329"},{"taxonomy":"post_tag","embeddable":true,"href":"https:\/\/www.ffw-lauenstein.de\/index.php?rest_route=%2Fwp%2Fv2%2Ftags&post=2329"}],"curies":[{"name":"wp","href":"https:\/\/api.w.org\/{rel}","templated":true}]}}