{"id":2436,"date":"2016-05-01T09:25:01","date_gmt":"2016-05-01T07:25:01","guid":{"rendered":"http:\/\/www.ffw-lauenstein.de\/?p=2436"},"modified":"2016-05-01T09:25:01","modified_gmt":"2016-05-01T07:25:01","slug":"ffw-lauenstein-beim-kuppelcontest-2016-in-moellenbeck","status":"publish","type":"post","link":"https:\/\/www.ffw-lauenstein.de\/?p=2436","title":{"rendered":"FFW Lauenstein beim Kuppelcontest 2016 in M\u00f6llenbeck"},"content":{"rendered":"<p>Die Wettbewerbsgruppe der FFW Lauenstein nahm beim diesj\u00e4hrigen Kuppelcontest in M\u00f6llenbeck (bei Rinteln).<\/p>\n<p>Bei fast 100 teilnehmenden Feuerwehren aus ganz Deutschland belegte die FFW Lauenstein in der Wertung &#8222;Schnellangriff&#8220; den 60.Platz.<\/p>\n<p>Die FFW M\u00f6llenbeck veranstaltete diesen Kuppelcontest zum 10.Mal und hatte dies zum Anlass genommen, eine gro\u00dfe Show aufzuziehen.<\/p>\n<p>Die Teilnehmer der FFW Lauenstein waren von diesem Event begeistert und wollen auch im n\u00e4chsten Jahr beim Kuppelcontest antreten.<br \/>\n<a href=\"https:\/\/ffw-lauenstein.de\/?attachment_id=2437\" rel=\"attachment wp-att-2437\"><img loading=\"lazy\" decoding=\"async\" class=\"aligncenter size-full wp-image-2437\" src=\"https:\/\/ffw-lauenstein.de\/wp-content\/uploads\/2016\/05\/Kuppelcontest-1.jpg\" alt=\"Kuppelcontest (1)\" width=\"747\" height=\"1328\" srcset=\"https:\/\/www.ffw-lauenstein.de\/wp-content\/uploads\/2016\/05\/Kuppelcontest-1.jpg 747w, https:\/\/www.ffw-lauenstein.de\/wp-content\/uploads\/2016\/05\/Kuppelcontest-1-624x1109.jpg 624w\" sizes=\"auto, (max-width: 709px) 85vw, (max-width: 909px) 67vw, (max-width: 984px) 61vw, (max-width: 1362px) 45vw, 600px\" \/><\/a> <a href=\"https:\/\/ffw-lauenstein.de\/?attachment_id=2438\" rel=\"attachment wp-att-2438\"><img loading=\"lazy\" decoding=\"async\" class=\"aligncenter size-full wp-image-2438\" src=\"https:\/\/ffw-lauenstein.de\/wp-content\/uploads\/2016\/05\/Kuppelcontest-2.jpg\" alt=\"Kuppelcontest (2)\" width=\"747\" height=\"1328\" srcset=\"https:\/\/www.ffw-lauenstein.de\/wp-content\/uploads\/2016\/05\/Kuppelcontest-2.jpg 747w, https:\/\/www.ffw-lauenstein.de\/wp-content\/uploads\/2016\/05\/Kuppelcontest-2-624x1109.jpg 624w\" sizes=\"auto, (max-width: 709px) 85vw, (max-width: 909px) 67vw, (max-width: 984px) 61vw, (max-width: 1362px) 45vw, 600px\" \/><\/a> <a href=\"https:\/\/ffw-lauenstein.de\/?attachment_id=2439\" rel=\"attachment wp-att-2439\"><img loading=\"lazy\" decoding=\"async\" class=\"aligncenter size-full wp-image-2439\" src=\"https:\/\/ffw-lauenstein.de\/wp-content\/uploads\/2016\/05\/Kuppelcontest-3.jpg\" alt=\"Kuppelcontest (3)\" width=\"747\" height=\"1328\" srcset=\"https:\/\/www.ffw-lauenstein.de\/wp-content\/uploads\/2016\/05\/Kuppelcontest-3.jpg 747w, https:\/\/www.ffw-lauenstein.de\/wp-content\/uploads\/2016\/05\/Kuppelcontest-3-624x1109.jpg 624w\" sizes=\"auto, (max-width: 709px) 85vw, (max-width: 909px) 67vw, (max-width: 984px) 61vw, (max-width: 1362px) 45vw, 600px\" \/><\/a> <a href=\"https:\/\/ffw-lauenstein.de\/?attachment_id=2440\" rel=\"attachment wp-att-2440\"><img loading=\"lazy\" decoding=\"async\" class=\"aligncenter size-full wp-image-2440\" src=\"https:\/\/ffw-lauenstein.de\/wp-content\/uploads\/2016\/05\/Kuppelcontest-4.jpg\" alt=\"Kuppelcontest (4)\" width=\"747\" height=\"1328\" srcset=\"https:\/\/www.ffw-lauenstein.de\/wp-content\/uploads\/2016\/05\/Kuppelcontest-4.jpg 747w, https:\/\/www.ffw-lauenstein.de\/wp-content\/uploads\/2016\/05\/Kuppelcontest-4-624x1109.jpg 624w\" sizes=\"auto, (max-width: 709px) 85vw, (max-width: 909px) 67vw, (max-width: 984px) 61vw, (max-width: 1362px) 45vw, 600px\" \/><\/a><\/p>\n","protected":false},"excerpt":{"rendered":"<p>Die Wettbewerbsgruppe der FFW Lauenstein nahm beim diesj\u00e4hrigen Kuppelcontest in M\u00f6llenbeck (bei Rinteln). Bei fast 100 teilnehmenden Feuerwehren aus ganz Deutschland belegte die FFW Lauenstein in der Wertung &#8222;Schnellangriff&#8220; den &hellip; <a href=\"https:\/\/www.ffw-lauenstein.de\/?p=2436\" class=\"more-link\"><span class=\"screen-reader-text\">\u201eFFW Lauenstein beim Kuppelcontest 2016 in M\u00f6llenbeck\u201c <\/span>weiterlesen<\/a><\/p>\n","protected":false},"author":3,"featured_media":0,"comment_status":"closed","ping_status":"open","sticky":false,"template":"","format":"standard","meta":{"ngg_post_thumbnail":0,"footnotes":""},"categories":[17],"tags":[],"class_list":["post-2436","post","type-post","status-publish","format-standard","hentry","category-aktuelles"],"_links":{"self":[{"href":"https:\/\/www.ffw-lauenstein.de\/index.php?rest_route=\/wp\/v2\/posts\/2436","targetHints":{"allow":["GET"]}}],"collection":[{"href":"https:\/\/www.ffw-lauenstein.de\/index.php?rest_route=\/wp\/v2\/posts"}],"about":[{"href":"https:\/\/www.ffw-lauenstein.de\/index.php?rest_route=\/wp\/v2\/types\/post"}],"author":[{"embeddable":true,"href":"https:\/\/www.ffw-lauenstein.de\/index.php?rest_route=\/wp\/v2\/users\/3"}],"replies":[{"embeddable":true,"href":"https:\/\/www.ffw-lauenstein.de\/index.php?rest_route=%2Fwp%2Fv2%2Fcomments&post=2436"}],"version-history":[{"count":2,"href":"https:\/\/www.ffw-lauenstein.de\/index.php?rest_route=\/wp\/v2\/posts\/2436\/revisions"}],"predecessor-version":[{"id":2448,"href":"https:\/\/www.ffw-lauenstein.de\/index.php?rest_route=\/wp\/v2\/posts\/2436\/revisions\/2448"}],"wp:attachment":[{"href":"https:\/\/www.ffw-lauenstein.de\/index.php?rest_route=%2Fwp%2Fv2%2Fmedia&parent=2436"}],"wp:term":[{"taxonomy":"category","embeddable":true,"href":"https:\/\/www.ffw-lauenstein.de\/index.php?rest_route=%2Fwp%2Fv2%2Fcategories&post=2436"},{"taxonomy":"post_tag","embeddable":true,"href":"https:\/\/www.ffw-lauenstein.de\/index.php?rest_route=%2Fwp%2Fv2%2Ftags&post=2436"}],"curies":[{"name":"wp","href":"https:\/\/api.w.org\/{rel}","templated":true}]}}