{"id":2463,"date":"2016-05-29T15:51:31","date_gmt":"2016-05-29T13:51:31","guid":{"rendered":"http:\/\/www.ffw-lauenstein.de\/?p=2463"},"modified":"2016-05-29T20:50:11","modified_gmt":"2016-05-29T18:50:11","slug":"jubilaeum-zum-50-jaehrigen-bestehen-der-jugendfeuerwehr-lauenstein","status":"publish","type":"post","link":"https:\/\/www.ffw-lauenstein.de\/?p=2463","title":{"rendered":"Jubil\u00e4um zum 50-j\u00e4hrigen Bestehen der Jugendfeuerwehr Lauenstein"},"content":{"rendered":"<p>Die Jubil\u00e4umsfeier zum 50-j\u00e4hrigen Bestehen der Jugendfeuerwehr fand am 14.Mai\u00a0im Naturerlebnisbad statt. Im Rahmen der Veranstaltung wurden Historische Wettk\u00e4mpfe ausgerichtet.<\/p>\n<p>Die Platzierungen beider Wettbewerbe:<\/p>\n<table width=\"563\">\n<tbody>\n<tr>\n<td colspan=\"2\" width=\"279\"><strong>Jugendfeuerwehren:<\/strong><\/td>\n<td width=\"99\"><\/td>\n<td width=\"91\"><\/td>\n<td width=\"94\"><\/td>\n<\/tr>\n<tr>\n<td><strong>Platz<\/strong><\/td>\n<td><strong>Gruppe<\/strong><\/td>\n<td><strong>Zeit I<\/strong><\/td>\n<td><strong>Zeit II<\/strong><\/td>\n<td><strong>Bestzeit<\/strong><\/td>\n<\/tr>\n<tr>\n<td><strong>1<\/strong><\/td>\n<td><strong>JF Schmerzke I<\/strong><\/td>\n<td>01:21,40<\/td>\n<td>00:56,84<\/td>\n<td><strong>00:56,84<\/strong><\/td>\n<\/tr>\n<tr>\n<td><strong>2<\/strong><\/td>\n<td><strong>JF B\u00f6rry<\/strong><\/td>\n<td>01:09,61<\/td>\n<td>01:01,34<\/td>\n<td><strong>01:01,34<\/strong><\/td>\n<\/tr>\n<tr>\n<td><strong>3<\/strong><\/td>\n<td><strong>JF Schmerzke II<\/strong><\/td>\n<td>01:10,35<\/td>\n<td>01:11,93<\/td>\n<td><strong>01:10,35<\/strong><\/td>\n<\/tr>\n<tr>\n<td><strong>4<\/strong><\/td>\n<td><strong>JF Salzhemmendorf<\/strong><\/td>\n<td>01:25,75<\/td>\n<td>01:11,01<\/td>\n<td><strong>01:11,01<\/strong><\/td>\n<\/tr>\n<tr>\n<td><strong>5<\/strong><\/td>\n<td><strong>JF Lauenstein \/ Hemmendorf<\/strong><\/td>\n<td>01:26,97<\/td>\n<td>01:17,13<\/td>\n<td><strong>01:17,13<\/strong><\/td>\n<\/tr>\n<tr>\n<td><strong>\u00a0<\/strong><\/td>\n<td><strong>\u00a0<\/strong><\/td>\n<td><\/td>\n<td><\/td>\n<td><strong>\u00a0<\/strong><\/td>\n<\/tr>\n<tr>\n<td colspan=\"2\"><strong>Feuerwehren + Vereine:<\/strong><\/td>\n<td><\/td>\n<td><\/td>\n<td><strong>\u00a0<\/strong><\/td>\n<\/tr>\n<tr>\n<td><strong>Platz<\/strong><\/td>\n<td><strong>Gruppe<\/strong><\/td>\n<td><strong>Zeit I<\/strong><\/td>\n<td><strong>Zeit II<\/strong><\/td>\n<td><strong>Bestzeit<\/strong><\/td>\n<\/tr>\n<tr>\n<td><strong>1<\/strong><\/td>\n<td><strong>FFW Salzhemmendorf<\/strong><\/td>\n<td>01:02,83<\/td>\n<td>00:43,47<\/td>\n<td><strong>00:43,47<\/strong><\/td>\n<\/tr>\n<tr>\n<td><strong>2<\/strong><\/td>\n<td><strong>FFW Oldendorf<\/strong><\/td>\n<td>00:46,25<\/td>\n<td>00:57,51<\/td>\n<td><strong>00:46,25<\/strong><\/td>\n<\/tr>\n<tr>\n<td><strong>3<\/strong><\/td>\n<td><strong>MTV Lauenstein<\/strong><\/td>\n<td>00:55,01<\/td>\n<td>00:48,61<\/td>\n<td><strong>00:48,61<\/strong><\/td>\n<\/tr>\n<tr>\n<td><strong>4<\/strong><\/td>\n<td><strong>FFW Lauenstein II<\/strong><\/td>\n<td>01:10,66<\/td>\n<td>00:50,00<\/td>\n<td><strong>00:50,00<\/strong><\/td>\n<\/tr>\n<tr>\n<td><strong>5<\/strong><\/td>\n<td><strong>FFW Schmerzke<\/strong><\/td>\n<td>01:00,50<\/td>\n<td>00:52,14<\/td>\n<td><strong>00:52,14<\/strong><\/td>\n<\/tr>\n<tr>\n<td><strong>6<\/strong><\/td>\n<td><strong>FFW Lauenstein I<\/strong><\/td>\n<td>01:11,56<\/td>\n<td>00:54,21<\/td>\n<td><strong>00:54,21<\/strong><\/td>\n<\/tr>\n<tr>\n<td><strong>7<\/strong><\/td>\n<td><strong>Osterfeuerfreunde <\/strong><\/td>\n<td>00:58,59<\/td>\n<td>00:57,32<\/td>\n<td><strong>00:57,32<\/strong><\/td>\n<\/tr>\n<tr>\n<td><strong>8<\/strong><\/td>\n<td><strong>Naturbadverein<\/strong><\/td>\n<td>01:03,09<\/td>\n<td>00:59,34<\/td>\n<td><strong>00:59,34<\/strong><\/td>\n<\/tr>\n<tr>\n<td><strong>9<\/strong><\/td>\n<td><strong>FFW Benstorf<\/strong><\/td>\n<td>01:16,72<\/td>\n<td>01:01,59<\/td>\n<td><strong>01:01,59<\/strong><\/td>\n<\/tr>\n<\/tbody>\n<\/table>\n<p>Bei der anschlie\u00dfenden offiziellen Feierstunde erfolgten neben der Siegerehrung auch die Gru\u00dfworte der Ehreng\u00e4ste, u.a. von Gemeindeb\u00fcrgermeister Clemens Pommerening. Kreisbrandmeister Frank W\u00f6bbecke ehrte zudem langj\u00e4hrige Mitglieder:<\/p>\n<ul>\n<li>Oberl\u00f6schmeister Dieter Siebert f\u00fcr 60-j\u00e4hrige Mitgliedschaft<\/li>\n<li>1.Hauptfeuerwehrmann Gerhard Bode f\u00fcr 50-j\u00e4hrige aktive Mitgliedschaft<\/li>\n<li>Brandmeister Walter Steinbr\u00fcck f\u00fcr 50-j\u00e4hrige Mitgliedschaft<\/li>\n<\/ul>\n<p>Trotz kalten Wetters war das Jubil\u00e4um gut besucht. Die Kinder kamen beim Spielenachmittag mit H\u00fcpfburg auf ihre Kosten.<\/p>\n<p>Die Jugendfeuerwehr Lauenstein und die Jugendfeuerwehr der Partnerwehr Schmerzke lie\u00dfen sich vom ungem\u00fctlichen Wetter ebenfalls nicht entmutigen und veranstalteten ihr Pfingstzeltlager auf dem Gel\u00e4nde des Naturerlebnisbades.<\/p>\n<p><a href=\"https:\/\/ffw-lauenstein.de\/?attachment_id=2464\" rel=\"attachment wp-att-2464\"><img loading=\"lazy\" decoding=\"async\" class=\"aligncenter size-full wp-image-2464\" src=\"https:\/\/ffw-lauenstein.de\/wp-content\/uploads\/2016\/05\/Foto-1.jpg\" alt=\"Foto 1\" width=\"1500\" height=\"898\" srcset=\"https:\/\/www.ffw-lauenstein.de\/wp-content\/uploads\/2016\/05\/Foto-1.jpg 1500w, https:\/\/www.ffw-lauenstein.de\/wp-content\/uploads\/2016\/05\/Foto-1-768x460.jpg 768w, https:\/\/www.ffw-lauenstein.de\/wp-content\/uploads\/2016\/05\/Foto-1-624x374.jpg 624w\" sizes=\"auto, (max-width: 709px) 85vw, (max-width: 909px) 67vw, (max-width: 1362px) 62vw, 840px\" \/><\/a><em>Das Foto zeigt<\/em>\u00a0<em>die Geehrten, Ehreng\u00e4ste, ehemalige JF-Mitglieder, ehemalige Jugendwarte und Mitglieder der derzeitigen Jugendfeuerwehr Lauenstein.<\/em><\/p>\n","protected":false},"excerpt":{"rendered":"<p>Die Jubil\u00e4umsfeier zum 50-j\u00e4hrigen Bestehen der Jugendfeuerwehr fand am 14.Mai\u00a0im Naturerlebnisbad statt. Im Rahmen der Veranstaltung wurden Historische Wettk\u00e4mpfe ausgerichtet. Die Platzierungen beider Wettbewerbe: Jugendfeuerwehren: Platz Gruppe Zeit I Zeit &hellip; <a href=\"https:\/\/www.ffw-lauenstein.de\/?p=2463\" class=\"more-link\"><span class=\"screen-reader-text\">\u201eJubil\u00e4um zum 50-j\u00e4hrigen Bestehen der Jugendfeuerwehr Lauenstein\u201c <\/span>weiterlesen<\/a><\/p>\n","protected":false},"author":3,"featured_media":0,"comment_status":"closed","ping_status":"open","sticky":false,"template":"","format":"standard","meta":{"ngg_post_thumbnail":0,"footnotes":""},"categories":[1],"tags":[],"class_list":["post-2463","post","type-post","status-publish","format-standard","hentry","category-veranstaltungen"],"_links":{"self":[{"href":"https:\/\/www.ffw-lauenstein.de\/index.php?rest_route=\/wp\/v2\/posts\/2463","targetHints":{"allow":["GET"]}}],"collection":[{"href":"https:\/\/www.ffw-lauenstein.de\/index.php?rest_route=\/wp\/v2\/posts"}],"about":[{"href":"https:\/\/www.ffw-lauenstein.de\/index.php?rest_route=\/wp\/v2\/types\/post"}],"author":[{"embeddable":true,"href":"https:\/\/www.ffw-lauenstein.de\/index.php?rest_route=\/wp\/v2\/users\/3"}],"replies":[{"embeddable":true,"href":"https:\/\/www.ffw-lauenstein.de\/index.php?rest_route=%2Fwp%2Fv2%2Fcomments&post=2463"}],"version-history":[{"count":6,"href":"https:\/\/www.ffw-lauenstein.de\/index.php?rest_route=\/wp\/v2\/posts\/2463\/revisions"}],"predecessor-version":[{"id":2470,"href":"https:\/\/www.ffw-lauenstein.de\/index.php?rest_route=\/wp\/v2\/posts\/2463\/revisions\/2470"}],"wp:attachment":[{"href":"https:\/\/www.ffw-lauenstein.de\/index.php?rest_route=%2Fwp%2Fv2%2Fmedia&parent=2463"}],"wp:term":[{"taxonomy":"category","embeddable":true,"href":"https:\/\/www.ffw-lauenstein.de\/index.php?rest_route=%2Fwp%2Fv2%2Fcategories&post=2463"},{"taxonomy":"post_tag","embeddable":true,"href":"https:\/\/www.ffw-lauenstein.de\/index.php?rest_route=%2Fwp%2Fv2%2Ftags&post=2463"}],"curies":[{"name":"wp","href":"https:\/\/api.w.org\/{rel}","templated":true}]}}