{"id":2498,"date":"2016-08-31T13:09:58","date_gmt":"2016-08-31T11:09:58","guid":{"rendered":"http:\/\/www.ffw-lauenstein.de\/?p=2498"},"modified":"2016-09-05T21:42:57","modified_gmt":"2016-09-05T19:42:57","slug":"2-tagesuebung-in-rinteln","status":"publish","type":"post","link":"https:\/\/www.ffw-lauenstein.de\/?p=2498","title":{"rendered":"2-Tages\u00fcbung in Rinteln"},"content":{"rendered":"<div class=\"mceTemp\"><\/div>\n<p>Die Freiwillige Feuerwehr Lauenstein, welche dem 3. Zug der Kreisbereitschaft Ost des Landkreises Hameln-Pyrmont angeh\u00f6rt, hat vom 26.08. &#8211; 27.08.2016 an einer 2-Tages\u00fcbung mit der KFB-Ost teilgenommen. Nach Herstellung der Bereitschaft wurde nach Rinteln auf das Werkgel\u00e4nde der Lebenshilfe verlegt.\u00a0Direkt nach der Ankunft hat man ein erstes \u00dcbungsszenario abgearbeitet. Die Aufgabe der Freiwilligen Feuerwehrleute aus Lauenstein und des 3. Zuges war\u00a0die Evakuierung eines Geb\u00e4udeteils und die Aufnahme und Behandlung von\u00a0Verletzen. Nach der \u00dcbung wurde gemeinsam zu Abend gegessen. Geschlafen wurde auch auf dem Werkgel\u00e4nde. Am Samstag nach dem Fr\u00fchst\u00fcck musste die Einsatzbereitschaft wiederhergestellt werden. Kurz danach hat man ein zweites \u00dcbungsszenario abgewickelt. Hierbei hat der 3. Zug eine langewege Strecke mit 2 B-Leitungen zum Brandobjekt aufgebaut. F\u00fcr diese Strecke wurden ca. 1400m B-Schl\u00e4uche ausgerollt.\u00a0Dabei war auch die Tragkraftspritze der FFW Lauenstein im Einsatz. Das LF 10\/6 ist\u00a0dem 4. Zug zur Wasserf\u00f6rderung unterstellt gewesen. Auch dieses \u00dcbungsszenario hat die KFB-Ost gut abgearbeitet. Nach einer St\u00e4rkung zum Mittag, k\u00f6nnten die Einsatzkr\u00e4ften den Heimweg antreten.<\/p>\n<figure id=\"attachment_2518\" aria-describedby=\"caption-attachment-2518\" style=\"width: 250px\" class=\"wp-caption alignnone\"><a href=\"https:\/\/ffw-lauenstein.de\/?attachment_id=2518\" rel=\"attachment wp-att-2518\"><img loading=\"lazy\" decoding=\"async\" class=\"size-thumbnail wp-image-2518\" src=\"https:\/\/ffw-lauenstein.de\/wp-content\/uploads\/2016\/08\/IMG-20160827-WA0011-250x141.jpg\" alt=\"2-Tages\u00fcbung Rinteln 2016_1\" width=\"250\" height=\"141\" srcset=\"https:\/\/www.ffw-lauenstein.de\/wp-content\/uploads\/2016\/08\/IMG-20160827-WA0011-250x141.jpg 250w, https:\/\/www.ffw-lauenstein.de\/wp-content\/uploads\/2016\/08\/IMG-20160827-WA0011-850x478.jpg 850w, https:\/\/www.ffw-lauenstein.de\/wp-content\/uploads\/2016\/08\/IMG-20160827-WA0011-768x432.jpg 768w, https:\/\/www.ffw-lauenstein.de\/wp-content\/uploads\/2016\/08\/IMG-20160827-WA0011-1200x675.jpg 1200w, https:\/\/www.ffw-lauenstein.de\/wp-content\/uploads\/2016\/08\/IMG-20160827-WA0011-624x351.jpg 624w, https:\/\/www.ffw-lauenstein.de\/wp-content\/uploads\/2016\/08\/IMG-20160827-WA0011.jpg 1599w\" sizes=\"auto, (max-width: 250px) 85vw, 250px\" \/><\/a><figcaption id=\"caption-attachment-2518\" class=\"wp-caption-text\">2-Tages\u00fcbung Rinteln 2016_1<\/figcaption><\/figure>\n<figure id=\"attachment_2517\" aria-describedby=\"caption-attachment-2517\" style=\"width: 250px\" class=\"wp-caption alignnone\"><a href=\"https:\/\/ffw-lauenstein.de\/?attachment_id=2517\" rel=\"attachment wp-att-2517\"><img loading=\"lazy\" decoding=\"async\" class=\"size-thumbnail wp-image-2517\" src=\"https:\/\/ffw-lauenstein.de\/wp-content\/uploads\/2016\/08\/IMG-20160827-WA0007-250x141.jpg\" alt=\"2-Tages\u00fcbung Rinteln 2016_2\" width=\"250\" height=\"141\" srcset=\"https:\/\/www.ffw-lauenstein.de\/wp-content\/uploads\/2016\/08\/IMG-20160827-WA0007-250x141.jpg 250w, https:\/\/www.ffw-lauenstein.de\/wp-content\/uploads\/2016\/08\/IMG-20160827-WA0007-850x478.jpg 850w, https:\/\/www.ffw-lauenstein.de\/wp-content\/uploads\/2016\/08\/IMG-20160827-WA0007-768x432.jpg 768w, https:\/\/www.ffw-lauenstein.de\/wp-content\/uploads\/2016\/08\/IMG-20160827-WA0007-1200x675.jpg 1200w, https:\/\/www.ffw-lauenstein.de\/wp-content\/uploads\/2016\/08\/IMG-20160827-WA0007-624x351.jpg 624w, https:\/\/www.ffw-lauenstein.de\/wp-content\/uploads\/2016\/08\/IMG-20160827-WA0007.jpg 1599w\" sizes=\"auto, (max-width: 250px) 85vw, 250px\" \/><\/a><figcaption id=\"caption-attachment-2517\" class=\"wp-caption-text\">2-Tages\u00fcbung Rinteln 2016_2<\/figcaption><\/figure>\n<figure id=\"attachment_2516\" aria-describedby=\"caption-attachment-2516\" style=\"width: 250px\" class=\"wp-caption alignnone\"><a href=\"https:\/\/ffw-lauenstein.de\/?attachment_id=2516\" rel=\"attachment wp-att-2516\"><img loading=\"lazy\" decoding=\"async\" class=\"size-thumbnail wp-image-2516\" src=\"https:\/\/ffw-lauenstein.de\/wp-content\/uploads\/2016\/08\/IMG-20160827-WA0005-250x141.jpg\" alt=\"2-Tages\u00fcbung Rinteln 2016_3\" width=\"250\" height=\"141\" srcset=\"https:\/\/www.ffw-lauenstein.de\/wp-content\/uploads\/2016\/08\/IMG-20160827-WA0005-250x141.jpg 250w, https:\/\/www.ffw-lauenstein.de\/wp-content\/uploads\/2016\/08\/IMG-20160827-WA0005-850x478.jpg 850w, https:\/\/www.ffw-lauenstein.de\/wp-content\/uploads\/2016\/08\/IMG-20160827-WA0005-768x432.jpg 768w, https:\/\/www.ffw-lauenstein.de\/wp-content\/uploads\/2016\/08\/IMG-20160827-WA0005-1200x675.jpg 1200w, https:\/\/www.ffw-lauenstein.de\/wp-content\/uploads\/2016\/08\/IMG-20160827-WA0005-624x351.jpg 624w, https:\/\/www.ffw-lauenstein.de\/wp-content\/uploads\/2016\/08\/IMG-20160827-WA0005.jpg 1599w\" sizes=\"auto, (max-width: 250px) 85vw, 250px\" \/><\/a><figcaption id=\"caption-attachment-2516\" class=\"wp-caption-text\">2-Tages\u00fcbung Rinteln 2016_3<\/figcaption><\/figure>\n<figure id=\"attachment_2515\" aria-describedby=\"caption-attachment-2515\" style=\"width: 250px\" class=\"wp-caption alignnone\"><a href=\"https:\/\/ffw-lauenstein.de\/?attachment_id=2515\" rel=\"attachment wp-att-2515\"><img loading=\"lazy\" decoding=\"async\" class=\"size-thumbnail wp-image-2515\" src=\"https:\/\/ffw-lauenstein.de\/wp-content\/uploads\/2016\/08\/IMG-20160827-WA0018-250x141.jpg\" alt=\"2-Tages\u00fcbung Rinteln 2016_4\" width=\"250\" height=\"141\" \/><\/a><figcaption id=\"caption-attachment-2515\" class=\"wp-caption-text\">2-Tages\u00fcbung Rinteln 2016_4<\/figcaption><\/figure>\n","protected":false},"excerpt":{"rendered":"<p>Die Freiwillige Feuerwehr Lauenstein, welche dem 3. Zug der Kreisbereitschaft Ost des Landkreises Hameln-Pyrmont angeh\u00f6rt, hat vom 26.08. &#8211; 27.08.2016 an einer 2-Tages\u00fcbung mit der KFB-Ost teilgenommen. Nach Herstellung der &hellip; <a href=\"https:\/\/www.ffw-lauenstein.de\/?p=2498\" class=\"more-link\"><span class=\"screen-reader-text\">\u201e2-Tages\u00fcbung in Rinteln\u201c <\/span>weiterlesen<\/a><\/p>\n","protected":false},"author":4,"featured_media":0,"comment_status":"closed","ping_status":"open","sticky":false,"template":"","format":"standard","meta":{"ngg_post_thumbnail":0,"footnotes":""},"categories":[17,13],"tags":[],"class_list":["post-2498","post","type-post","status-publish","format-standard","hentry","category-aktuelles","category-sonstiges"],"_links":{"self":[{"href":"https:\/\/www.ffw-lauenstein.de\/index.php?rest_route=\/wp\/v2\/posts\/2498","targetHints":{"allow":["GET"]}}],"collection":[{"href":"https:\/\/www.ffw-lauenstein.de\/index.php?rest_route=\/wp\/v2\/posts"}],"about":[{"href":"https:\/\/www.ffw-lauenstein.de\/index.php?rest_route=\/wp\/v2\/types\/post"}],"author":[{"embeddable":true,"href":"https:\/\/www.ffw-lauenstein.de\/index.php?rest_route=\/wp\/v2\/users\/4"}],"replies":[{"embeddable":true,"href":"https:\/\/www.ffw-lauenstein.de\/index.php?rest_route=%2Fwp%2Fv2%2Fcomments&post=2498"}],"version-history":[{"count":5,"href":"https:\/\/www.ffw-lauenstein.de\/index.php?rest_route=\/wp\/v2\/posts\/2498\/revisions"}],"predecessor-version":[{"id":2519,"href":"https:\/\/www.ffw-lauenstein.de\/index.php?rest_route=\/wp\/v2\/posts\/2498\/revisions\/2519"}],"wp:attachment":[{"href":"https:\/\/www.ffw-lauenstein.de\/index.php?rest_route=%2Fwp%2Fv2%2Fmedia&parent=2498"}],"wp:term":[{"taxonomy":"category","embeddable":true,"href":"https:\/\/www.ffw-lauenstein.de\/index.php?rest_route=%2Fwp%2Fv2%2Fcategories&post=2498"},{"taxonomy":"post_tag","embeddable":true,"href":"https:\/\/www.ffw-lauenstein.de\/index.php?rest_route=%2Fwp%2Fv2%2Ftags&post=2498"}],"curies":[{"name":"wp","href":"https:\/\/api.w.org\/{rel}","templated":true}]}}