{"id":2632,"date":"2017-01-31T11:24:28","date_gmt":"2017-01-31T09:24:28","guid":{"rendered":"http:\/\/www.ffw-lauenstein.de\/?p=2632"},"modified":"2017-01-31T11:32:41","modified_gmt":"2017-01-31T09:32:41","slug":"jahreshauptversammlung-der-jugendfeuerwehr-2","status":"publish","type":"post","link":"https:\/\/www.ffw-lauenstein.de\/?p=2632","title":{"rendered":"Jahreshauptversammlung der Jugendfeuerwehr"},"content":{"rendered":"<p>Zur Jahreshauptversammlung wurden neben den Jugendlich auch Ihre Eltern eingeladen. Zus\u00e4tzlich war die Kreis- und Gemeindejugendfeuerwehr vertreten, so wie der Ortsbrandmeister aus Lauenstein. Jugendwart Jens Brock hat das Jahr 2016 Revue passieren lassen. Er berichtete von den T\u00e4tigkeiten und Veranstaltungen vom letzten Jahr. Die Jugendlichen haben sich im Jahr 2016 52x getroffen. Dabei haben Sie 102 Dienststunden in der feuerwehrtechnischen Ausbildung und allgemeinen Jugendarbeit geleistet. Zus\u00e4tzlich war man 15 Tage auf Zeltlagern und Tagesfahrten unterwegs. Die Gruppenf\u00fchrerin Jasmin berichtete ausf\u00fchrlich vom Gemeindezeltlager in Otterndorf. Anschlie\u00dfend wurde eine Vorschau auf das Jahr 2017 gegeben. Die Highlights sind das 25-j\u00e4hrige Bestehen der Partnerjugendfeuerwehr aus Schmerzke und das einw\u00f6chige Kreiszeltlager. Nach der Versammlung wurde eine Diashow gezeigt. Dazu wurde ein kleine Snack gereicht.<\/p>\n<p><a href=\"https:\/\/ffw-lauenstein.de\/?attachment_id=2635\" rel=\"attachment wp-att-2635\"><img loading=\"lazy\" decoding=\"async\" class=\"alignnone size-thumbnail wp-image-2635\" src=\"https:\/\/ffw-lauenstein.de\/wp-content\/uploads\/2017\/01\/JHV_4-21.01.2017-250x141.jpg\" alt=\"\" width=\"250\" height=\"141\" srcset=\"https:\/\/www.ffw-lauenstein.de\/wp-content\/uploads\/2017\/01\/JHV_4-21.01.2017-250x141.jpg 250w, https:\/\/www.ffw-lauenstein.de\/wp-content\/uploads\/2017\/01\/JHV_4-21.01.2017-850x478.jpg 850w, https:\/\/www.ffw-lauenstein.de\/wp-content\/uploads\/2017\/01\/JHV_4-21.01.2017-1200x675.jpg 1200w\" sizes=\"auto, (max-width: 250px) 85vw, 250px\" \/><\/a><\/p>\n","protected":false},"excerpt":{"rendered":"<p>Zur Jahreshauptversammlung wurden neben den Jugendlich auch Ihre Eltern eingeladen. Zus\u00e4tzlich war die Kreis- und Gemeindejugendfeuerwehr vertreten, so wie der Ortsbrandmeister aus Lauenstein. Jugendwart Jens Brock hat das Jahr 2016 &hellip; <a href=\"https:\/\/www.ffw-lauenstein.de\/?p=2632\" class=\"more-link\"><span class=\"screen-reader-text\">\u201eJahreshauptversammlung der Jugendfeuerwehr\u201c <\/span>weiterlesen<\/a><\/p>\n","protected":false},"author":4,"featured_media":0,"comment_status":"closed","ping_status":"open","sticky":false,"template":"","format":"standard","meta":{"ngg_post_thumbnail":0,"footnotes":""},"categories":[17,13],"tags":[],"class_list":["post-2632","post","type-post","status-publish","format-standard","hentry","category-aktuelles","category-sonstiges"],"_links":{"self":[{"href":"https:\/\/www.ffw-lauenstein.de\/index.php?rest_route=\/wp\/v2\/posts\/2632","targetHints":{"allow":["GET"]}}],"collection":[{"href":"https:\/\/www.ffw-lauenstein.de\/index.php?rest_route=\/wp\/v2\/posts"}],"about":[{"href":"https:\/\/www.ffw-lauenstein.de\/index.php?rest_route=\/wp\/v2\/types\/post"}],"author":[{"embeddable":true,"href":"https:\/\/www.ffw-lauenstein.de\/index.php?rest_route=\/wp\/v2\/users\/4"}],"replies":[{"embeddable":true,"href":"https:\/\/www.ffw-lauenstein.de\/index.php?rest_route=%2Fwp%2Fv2%2Fcomments&post=2632"}],"version-history":[{"count":3,"href":"https:\/\/www.ffw-lauenstein.de\/index.php?rest_route=\/wp\/v2\/posts\/2632\/revisions"}],"predecessor-version":[{"id":2636,"href":"https:\/\/www.ffw-lauenstein.de\/index.php?rest_route=\/wp\/v2\/posts\/2632\/revisions\/2636"}],"wp:attachment":[{"href":"https:\/\/www.ffw-lauenstein.de\/index.php?rest_route=%2Fwp%2Fv2%2Fmedia&parent=2632"}],"wp:term":[{"taxonomy":"category","embeddable":true,"href":"https:\/\/www.ffw-lauenstein.de\/index.php?rest_route=%2Fwp%2Fv2%2Fcategories&post=2632"},{"taxonomy":"post_tag","embeddable":true,"href":"https:\/\/www.ffw-lauenstein.de\/index.php?rest_route=%2Fwp%2Fv2%2Ftags&post=2632"}],"curies":[{"name":"wp","href":"https:\/\/api.w.org\/{rel}","templated":true}]}}