{"id":2659,"date":"2017-03-04T17:06:50","date_gmt":"2017-03-04T15:06:50","guid":{"rendered":"http:\/\/www.ffw-lauenstein.de\/?p=2659"},"modified":"2017-03-04T17:09:21","modified_gmt":"2017-03-04T15:09:21","slug":"jhv-der-ffw-lauenstein-2017","status":"publish","type":"post","link":"https:\/\/www.ffw-lauenstein.de\/?p=2659","title":{"rendered":"JHV der FFW Lauenstein 2017"},"content":{"rendered":"<p><strong>Feuerwehr Lauenstein freut sich \u00fcber gro\u00dfen R\u00fcckhalt<\/strong><\/p>\n<p>So eine Unterst\u00fctzung w\u00fcnscht sich jeder Ortsbrandmeister, aber nur wenige Feuerwehren k\u00f6nnen sich \u00fcber so viele Mitglieder freuen. Insgesamt verf\u00fcgt die Feuerwehr Lauenstein \u00fcber 439 Mitglieder, wovon 363 f\u00f6rdernde Mitglieder sind. Die Einsatzabteilung in dem Ort am Ith z\u00e4hlt 36 Mitglieder, wovon jetzt aus der Jugendfeuerwehr Jasmin Risch und Erik W\u00f6hler zu den Aktiven \u00fcbernommen wurden. Der Nachwuchs soll auch weiterhin durch die Jugendfeuerwehr \u2013 derzeit acht Mitglieder \u2013 und die Kinderfeuerwehr \u2013 derzeit sieben Mitglieder \u2013 gesichert werden. Die Kinderfeuerwehr ist im vergangenen Jahr unter der Leitung von Mandy Cyperski und Ute Cichy richtig durchgestartet und hat auch&nbsp;am&nbsp;ersten Zeltlager der Kreiskinderfeuerwehr teilgenommen, was bei den Kindern sehr gut ankam. Die Kinderflamme II konnten hier auch Taina Cyperski, Sveenja Hingst, Janes Hoffmann und Kym Sander erfolgreich ablegen. Aktiv ist auch der Spielmannszug, die mit Eime kooperieren. In der Altersabteilung gibt es derzeit zw\u00f6lf Mitglieder, die sich auch regelm\u00e4\u00dfig treffen und Veranstaltungen wie Besichtigungen am H\u00fcttenstollen oder von Schloss Marienburg zusammen durchf\u00fchren. F\u00fcr 2016 konnte Hubert Brock als Ortsbrandmeister 2816 Dienststunden z\u00e4hlen. Knapp 350 Stunden entfielen dabei auf Eins\u00e4tze, wo auch sechs Brandeins\u00e4tze aufliefen, die aber erfolgreich bew\u00e4ltigt wurden. Entsprechend der gro\u00dfen Unterst\u00fctzerzahl lobte auch der anwesende Gemeindeb\u00fcrgermeister Clemens Pommerening bei der Jahreshauptversammlung in Lauenstein die anwesenden Feuerwehrkameraden f\u00fcr ihr gro\u00dfes Engagement, was die Lauensteiner anscheinend sehr zu sch\u00e4tzen wissen.<\/p>\n<p>Terminplaner markiert, wo die Altersabteilung ihr 20j\u00e4hriges Jubil\u00e4um feiert. Unter anderem ist aus diesem Anlass auch ein Bingo-Nachmittag geplant. Im letzten Jahr wurde das 50j\u00e4hrige Jubil\u00e4um der Jugendfeuerwehr ausgiebig im Naturerlebnisbad gefeiert, was allen gut in Erinnerung blieb. Gefreut wird sich in Lauenstein auch schon auf das 25j\u00e4hrige Jubil\u00e4um der Jugendfeuerwehr von der Partnerfeuerwehr in Schmerzke, was nat\u00fcrlich auch wieder besucht wird. \u201eIm Gegensatz zum nahe gelegenen neuen Flughafen BER wird dann auch unser neues Feuerwehrhaus bis Pfingsten 2017 fertig\u201c, bemerkte der extra aus Schmerzke angereiste Daniel Krause augenzwinkernd.<\/p>\n<p>Bef\u00f6rderungen gab es dieses Jahr auf der Jahreshauptversammlung nicht, Kai Wendlandt wurde aber schon im Vorfeld auf Kreisebene im vergangenen Dezember zum Oberl\u00f6schmeister bef\u00f6rdert. Der anwesende stellvertretende Abschnittsleiter Ost Thomas K\u00fcllig nahm zum Ende der Versammlung die Ehrungen vor. Beeindruckt von den starken Mitgliederzahlen und dem mit fast 100 Feuerwehrkameraden gef\u00fcllten Saal ehrte er Wolfgang Paul f\u00fcr 50j\u00e4hrige Mitgliedschaft in der Wehr sowie Maik Brimm und Michael Switek f\u00fcr 25 Jahre Mitgliedschaft.<\/p>\n<p><em>Quelle (Text+ Fotos): www.saale-ith-echo.de)<\/em><\/p>\n<p><a href=\"https:\/\/ffw-lauenstein.de\/?attachment_id=2660\" rel=\"attachment wp-att-2660\"><img loading=\"lazy\" decoding=\"async\" width=\"371\" height=\"278\" class=\"aligncenter wp-image-2660\" alt=\"\" src=\"https:\/\/ffw-lauenstein.de\/wp-content\/uploads\/2017\/03\/JHV-2017_Neu.jpg\"><\/a><\/p>\n<p><a href=\"https:\/\/ffw-lauenstein.de\/?attachment_id=2661\" rel=\"attachment wp-att-2661\"><img loading=\"lazy\" decoding=\"async\" width=\"190\" height=\"300\" class=\"aligncenter size-full wp-image-2661\" alt=\"\" src=\"https:\/\/ffw-lauenstein.de\/wp-content\/uploads\/2017\/03\/JHV-2017_5.jpg\"><\/a><\/p>\n<p>&nbsp;<\/p>\n","protected":false},"excerpt":{"rendered":"<p>Feuerwehr Lauenstein freut sich \u00fcber gro\u00dfen R\u00fcckhalt So eine Unterst\u00fctzung w\u00fcnscht sich jeder Ortsbrandmeister, aber nur wenige Feuerwehren k\u00f6nnen sich \u00fcber so viele Mitglieder freuen. Insgesamt verf\u00fcgt die Feuerwehr Lauenstein &hellip; <a href=\"https:\/\/www.ffw-lauenstein.de\/?p=2659\" class=\"more-link\"><span class=\"screen-reader-text\">\u201eJHV der FFW Lauenstein 2017\u201c <\/span>weiterlesen<\/a><\/p>\n","protected":false},"author":3,"featured_media":0,"comment_status":"closed","ping_status":"open","sticky":false,"template":"","format":"standard","meta":{"ngg_post_thumbnail":0,"footnotes":""},"categories":[11],"tags":[],"class_list":["post-2659","post","type-post","status-publish","format-standard","hentry","category-presseberichte-allgmein"],"_links":{"self":[{"href":"https:\/\/www.ffw-lauenstein.de\/index.php?rest_route=\/wp\/v2\/posts\/2659","targetHints":{"allow":["GET"]}}],"collection":[{"href":"https:\/\/www.ffw-lauenstein.de\/index.php?rest_route=\/wp\/v2\/posts"}],"about":[{"href":"https:\/\/www.ffw-lauenstein.de\/index.php?rest_route=\/wp\/v2\/types\/post"}],"author":[{"embeddable":true,"href":"https:\/\/www.ffw-lauenstein.de\/index.php?rest_route=\/wp\/v2\/users\/3"}],"replies":[{"embeddable":true,"href":"https:\/\/www.ffw-lauenstein.de\/index.php?rest_route=%2Fwp%2Fv2%2Fcomments&post=2659"}],"version-history":[{"count":2,"href":"https:\/\/www.ffw-lauenstein.de\/index.php?rest_route=\/wp\/v2\/posts\/2659\/revisions"}],"predecessor-version":[{"id":2663,"href":"https:\/\/www.ffw-lauenstein.de\/index.php?rest_route=\/wp\/v2\/posts\/2659\/revisions\/2663"}],"wp:attachment":[{"href":"https:\/\/www.ffw-lauenstein.de\/index.php?rest_route=%2Fwp%2Fv2%2Fmedia&parent=2659"}],"wp:term":[{"taxonomy":"category","embeddable":true,"href":"https:\/\/www.ffw-lauenstein.de\/index.php?rest_route=%2Fwp%2Fv2%2Fcategories&post=2659"},{"taxonomy":"post_tag","embeddable":true,"href":"https:\/\/www.ffw-lauenstein.de\/index.php?rest_route=%2Fwp%2Fv2%2Ftags&post=2659"}],"curies":[{"name":"wp","href":"https:\/\/api.w.org\/{rel}","templated":true}]}}