{"id":2667,"date":"2017-03-17T17:07:02","date_gmt":"2017-03-17T15:07:02","guid":{"rendered":"http:\/\/www.ffw-lauenstein.de\/?p=2667"},"modified":"2017-03-17T17:10:28","modified_gmt":"2017-03-17T15:10:28","slug":"ffw-lauenstein-zur-unterstuetzung-des-rettungsdienstes-alarmiert","status":"publish","type":"post","link":"https:\/\/www.ffw-lauenstein.de\/?p=2667","title":{"rendered":"FFW Lauenstein zur Unterst\u00fctzung des Rettungsdienstes alarmiert"},"content":{"rendered":"<p>Die Freiwillige Feuerwehr Lauenstein wurde am Montag den 13.03.2017 um 14:45 Uhr zu einer Tragehilfe alarmiert. Aufgrund der baulichen Enge eines Wohnhauses konnte die Person nicht durch das Treppenhaus getragen werden. Gemeinsam wurde die Person&nbsp;\u00fcber die Terrasse und anschlie\u00dfend au\u00dferhalb des Geb\u00e4udes Richtung Rettungswagen transportiert.<\/p>\n","protected":false},"excerpt":{"rendered":"<p>Die Freiwillige Feuerwehr Lauenstein wurde am Montag den 13.03.2017 um 14:45 Uhr zu einer Tragehilfe alarmiert. Aufgrund der baulichen Enge eines Wohnhauses konnte die Person nicht durch das Treppenhaus getragen &hellip; <a href=\"https:\/\/www.ffw-lauenstein.de\/?p=2667\" class=\"more-link\"><span class=\"screen-reader-text\">\u201eFFW Lauenstein zur Unterst\u00fctzung des Rettungsdienstes alarmiert\u201c <\/span>weiterlesen<\/a><\/p>\n","protected":false},"author":4,"featured_media":0,"comment_status":"closed","ping_status":"open","sticky":false,"template":"","format":"standard","meta":{"ngg_post_thumbnail":0,"footnotes":""},"categories":[1],"tags":[],"class_list":["post-2667","post","type-post","status-publish","format-standard","hentry","category-veranstaltungen"],"_links":{"self":[{"href":"https:\/\/www.ffw-lauenstein.de\/index.php?rest_route=\/wp\/v2\/posts\/2667","targetHints":{"allow":["GET"]}}],"collection":[{"href":"https:\/\/www.ffw-lauenstein.de\/index.php?rest_route=\/wp\/v2\/posts"}],"about":[{"href":"https:\/\/www.ffw-lauenstein.de\/index.php?rest_route=\/wp\/v2\/types\/post"}],"author":[{"embeddable":true,"href":"https:\/\/www.ffw-lauenstein.de\/index.php?rest_route=\/wp\/v2\/users\/4"}],"replies":[{"embeddable":true,"href":"https:\/\/www.ffw-lauenstein.de\/index.php?rest_route=%2Fwp%2Fv2%2Fcomments&post=2667"}],"version-history":[{"count":2,"href":"https:\/\/www.ffw-lauenstein.de\/index.php?rest_route=\/wp\/v2\/posts\/2667\/revisions"}],"predecessor-version":[{"id":2671,"href":"https:\/\/www.ffw-lauenstein.de\/index.php?rest_route=\/wp\/v2\/posts\/2667\/revisions\/2671"}],"wp:attachment":[{"href":"https:\/\/www.ffw-lauenstein.de\/index.php?rest_route=%2Fwp%2Fv2%2Fmedia&parent=2667"}],"wp:term":[{"taxonomy":"category","embeddable":true,"href":"https:\/\/www.ffw-lauenstein.de\/index.php?rest_route=%2Fwp%2Fv2%2Fcategories&post=2667"},{"taxonomy":"post_tag","embeddable":true,"href":"https:\/\/www.ffw-lauenstein.de\/index.php?rest_route=%2Fwp%2Fv2%2Ftags&post=2667"}],"curies":[{"name":"wp","href":"https:\/\/api.w.org\/{rel}","templated":true}]}}