{"id":2692,"date":"2017-04-29T09:02:32","date_gmt":"2017-04-29T07:02:32","guid":{"rendered":"http:\/\/www.ffw-lauenstein.de\/?p=2692"},"modified":"2017-04-29T09:02:32","modified_gmt":"2017-04-29T07:02:32","slug":"arbeit-der-kinderfeuerwehr-traegt-fruechte","status":"publish","type":"post","link":"https:\/\/www.ffw-lauenstein.de\/?p=2692","title":{"rendered":"Arbeit der Kinderfeuerwehr tr\u00e4gt Fr\u00fcchte"},"content":{"rendered":"<p>Die Arbeit der Kinderfeuerwehr zahlt sich aus. Demn\u00e4chst werden 3 Kinder der Kinderfeuerwehr Lauenstein der Jugendfeuerwehr \u00fcbergeben. Jugendwart Jens Brock freut sich auf die Neuzug\u00e4nge, wo bei man &#8222;Neuzug\u00e4nge&#8220; gar nicht sagen kann. Denn die Kids sind schon in der Kinderfeuerwehr top ausgebildet worden. Schl\u00e4uche ausrollen, Ger\u00e4tekunde und Notrufe k\u00f6nnen die Kinder schon auswendig.<\/p>\n<p>Damit die Kinder wissen was in der Jugendfeuerwehr auf Sie zu kommt, haben Sie am letzten Dienst der Jugendfeuerwehr teilgenommen. Hier&nbsp;konnten Sie&nbsp;schon zu schauen wie die \u00e4lteren f\u00fcr die Bundeswettweberbe \u00fcben. Nat\u00fcrlich durften die Kinder auch schon mit helfen und man lernte sich untereinander besser kennen.<\/p>\n<p><a href=\"https:\/\/ffw-lauenstein.de\/?attachment_id=2693\" rel=\"attachment wp-att-2693\"><img loading=\"lazy\" decoding=\"async\" width=\"250\" height=\"141\" class=\"alignnone size-thumbnail wp-image-2693\" alt=\"\" src=\"https:\/\/ffw-lauenstein.de\/wp-content\/uploads\/2017\/04\/IMG-20170428-WA0011-250x141.jpg\" srcset=\"https:\/\/www.ffw-lauenstein.de\/wp-content\/uploads\/2017\/04\/IMG-20170428-WA0011-250x141.jpg 250w, https:\/\/www.ffw-lauenstein.de\/wp-content\/uploads\/2017\/04\/IMG-20170428-WA0011-850x478.jpg 850w, https:\/\/www.ffw-lauenstein.de\/wp-content\/uploads\/2017\/04\/IMG-20170428-WA0011-768x432.jpg 768w, https:\/\/www.ffw-lauenstein.de\/wp-content\/uploads\/2017\/04\/IMG-20170428-WA0011-1200x675.jpg 1200w, https:\/\/www.ffw-lauenstein.de\/wp-content\/uploads\/2017\/04\/IMG-20170428-WA0011-624x351.jpg 624w, https:\/\/www.ffw-lauenstein.de\/wp-content\/uploads\/2017\/04\/IMG-20170428-WA0011.jpg 1280w\" sizes=\"auto, (max-width: 250px) 85vw, 250px\" \/><\/a> <a href=\"https:\/\/ffw-lauenstein.de\/?attachment_id=2694\" rel=\"attachment wp-att-2694\"><img loading=\"lazy\" decoding=\"async\" width=\"250\" height=\"141\" class=\"alignnone size-thumbnail wp-image-2694\" alt=\"\" src=\"https:\/\/ffw-lauenstein.de\/wp-content\/uploads\/2017\/04\/IMG-20170428-WA0008-250x141.jpg\" srcset=\"https:\/\/www.ffw-lauenstein.de\/wp-content\/uploads\/2017\/04\/IMG-20170428-WA0008-250x141.jpg 250w, https:\/\/www.ffw-lauenstein.de\/wp-content\/uploads\/2017\/04\/IMG-20170428-WA0008-850x478.jpg 850w, https:\/\/www.ffw-lauenstein.de\/wp-content\/uploads\/2017\/04\/IMG-20170428-WA0008-768x432.jpg 768w, https:\/\/www.ffw-lauenstein.de\/wp-content\/uploads\/2017\/04\/IMG-20170428-WA0008-1200x675.jpg 1200w, https:\/\/www.ffw-lauenstein.de\/wp-content\/uploads\/2017\/04\/IMG-20170428-WA0008-624x351.jpg 624w, https:\/\/www.ffw-lauenstein.de\/wp-content\/uploads\/2017\/04\/IMG-20170428-WA0008.jpg 1280w\" sizes=\"auto, (max-width: 250px) 85vw, 250px\" \/><\/a> <a href=\"https:\/\/ffw-lauenstein.de\/?attachment_id=2695\" rel=\"attachment wp-att-2695\"><img loading=\"lazy\" decoding=\"async\" width=\"250\" height=\"141\" class=\"alignnone size-thumbnail wp-image-2695\" alt=\"\" src=\"https:\/\/ffw-lauenstein.de\/wp-content\/uploads\/2017\/04\/IMG-20170428-WA0009-250x141.jpg\" srcset=\"https:\/\/www.ffw-lauenstein.de\/wp-content\/uploads\/2017\/04\/IMG-20170428-WA0009-250x141.jpg 250w, https:\/\/www.ffw-lauenstein.de\/wp-content\/uploads\/2017\/04\/IMG-20170428-WA0009-850x478.jpg 850w, https:\/\/www.ffw-lauenstein.de\/wp-content\/uploads\/2017\/04\/IMG-20170428-WA0009-768x432.jpg 768w, https:\/\/www.ffw-lauenstein.de\/wp-content\/uploads\/2017\/04\/IMG-20170428-WA0009-1200x675.jpg 1200w, https:\/\/www.ffw-lauenstein.de\/wp-content\/uploads\/2017\/04\/IMG-20170428-WA0009-624x351.jpg 624w, https:\/\/www.ffw-lauenstein.de\/wp-content\/uploads\/2017\/04\/IMG-20170428-WA0009.jpg 1280w\" sizes=\"auto, (max-width: 250px) 85vw, 250px\" \/><\/a><\/p>\n","protected":false},"excerpt":{"rendered":"<p>Die Arbeit der Kinderfeuerwehr zahlt sich aus. Demn\u00e4chst werden 3 Kinder der Kinderfeuerwehr Lauenstein der Jugendfeuerwehr \u00fcbergeben. Jugendwart Jens Brock freut sich auf die Neuzug\u00e4nge, wo bei man &#8222;Neuzug\u00e4nge&#8220; gar &hellip; <a href=\"https:\/\/www.ffw-lauenstein.de\/?p=2692\" class=\"more-link\"><span class=\"screen-reader-text\">\u201eArbeit der Kinderfeuerwehr tr\u00e4gt Fr\u00fcchte\u201c <\/span>weiterlesen<\/a><\/p>\n","protected":false},"author":4,"featured_media":0,"comment_status":"closed","ping_status":"open","sticky":false,"template":"","format":"standard","meta":{"ngg_post_thumbnail":0,"footnotes":""},"categories":[17],"tags":[],"class_list":["post-2692","post","type-post","status-publish","format-standard","hentry","category-aktuelles"],"_links":{"self":[{"href":"https:\/\/www.ffw-lauenstein.de\/index.php?rest_route=\/wp\/v2\/posts\/2692","targetHints":{"allow":["GET"]}}],"collection":[{"href":"https:\/\/www.ffw-lauenstein.de\/index.php?rest_route=\/wp\/v2\/posts"}],"about":[{"href":"https:\/\/www.ffw-lauenstein.de\/index.php?rest_route=\/wp\/v2\/types\/post"}],"author":[{"embeddable":true,"href":"https:\/\/www.ffw-lauenstein.de\/index.php?rest_route=\/wp\/v2\/users\/4"}],"replies":[{"embeddable":true,"href":"https:\/\/www.ffw-lauenstein.de\/index.php?rest_route=%2Fwp%2Fv2%2Fcomments&post=2692"}],"version-history":[{"count":1,"href":"https:\/\/www.ffw-lauenstein.de\/index.php?rest_route=\/wp\/v2\/posts\/2692\/revisions"}],"predecessor-version":[{"id":2696,"href":"https:\/\/www.ffw-lauenstein.de\/index.php?rest_route=\/wp\/v2\/posts\/2692\/revisions\/2696"}],"wp:attachment":[{"href":"https:\/\/www.ffw-lauenstein.de\/index.php?rest_route=%2Fwp%2Fv2%2Fmedia&parent=2692"}],"wp:term":[{"taxonomy":"category","embeddable":true,"href":"https:\/\/www.ffw-lauenstein.de\/index.php?rest_route=%2Fwp%2Fv2%2Fcategories&post=2692"},{"taxonomy":"post_tag","embeddable":true,"href":"https:\/\/www.ffw-lauenstein.de\/index.php?rest_route=%2Fwp%2Fv2%2Ftags&post=2692"}],"curies":[{"name":"wp","href":"https:\/\/api.w.org\/{rel}","templated":true}]}}