{"id":2711,"date":"2017-05-26T20:58:43","date_gmt":"2017-05-26T18:58:43","guid":{"rendered":"http:\/\/www.ffw-lauenstein.de\/?p=2711"},"modified":"2017-05-26T20:58:43","modified_gmt":"2017-05-26T18:58:43","slug":"regionalentscheid-in-stadthagen","status":"publish","type":"post","link":"https:\/\/www.ffw-lauenstein.de\/?p=2711","title":{"rendered":"Regionalentscheid in Stadthagen"},"content":{"rendered":"<p>Die FFw Lauenstein hat sich vor zwei Jahren f\u00fcr den Regionalentscheid qualifiziert. Seit Anfang des Jahres wurde flei\u00dfig daf\u00fcr ge\u00fcbt. Viel Schwei\u00df und eine harte Arbeit liegt hinter der Lauensteiner Wettbewerbsgruppe. Leider konnte sich die harte Arbeit nicht auszahlen, Beim diesj\u00e4hrigen Regionalentscheid hat die Lauensteiner Gruppe den letzten Platz belegt. Trotzdem war die Stimmung kameradschaftlich gut und man lernt aus den Fehlern dieses Wettbewerbs. Auch hier haben sich viele weitere Lauensteiner Kameraden auf den Weg nach Stadthagen gemacht, um die eigenen Leute anzufeuern.<\/p>\n<p>&nbsp;<\/p>\n","protected":false},"excerpt":{"rendered":"<p>Die FFw Lauenstein hat sich vor zwei Jahren f\u00fcr den Regionalentscheid qualifiziert. Seit Anfang des Jahres wurde flei\u00dfig daf\u00fcr ge\u00fcbt. Viel Schwei\u00df und eine harte Arbeit liegt hinter der Lauensteiner &hellip; <a href=\"https:\/\/www.ffw-lauenstein.de\/?p=2711\" class=\"more-link\"><span class=\"screen-reader-text\">\u201eRegionalentscheid in Stadthagen\u201c <\/span>weiterlesen<\/a><\/p>\n","protected":false},"author":4,"featured_media":0,"comment_status":"closed","ping_status":"open","sticky":false,"template":"","format":"standard","meta":{"ngg_post_thumbnail":0,"footnotes":""},"categories":[13],"tags":[],"class_list":["post-2711","post","type-post","status-publish","format-standard","hentry","category-sonstiges"],"_links":{"self":[{"href":"https:\/\/www.ffw-lauenstein.de\/index.php?rest_route=\/wp\/v2\/posts\/2711","targetHints":{"allow":["GET"]}}],"collection":[{"href":"https:\/\/www.ffw-lauenstein.de\/index.php?rest_route=\/wp\/v2\/posts"}],"about":[{"href":"https:\/\/www.ffw-lauenstein.de\/index.php?rest_route=\/wp\/v2\/types\/post"}],"author":[{"embeddable":true,"href":"https:\/\/www.ffw-lauenstein.de\/index.php?rest_route=\/wp\/v2\/users\/4"}],"replies":[{"embeddable":true,"href":"https:\/\/www.ffw-lauenstein.de\/index.php?rest_route=%2Fwp%2Fv2%2Fcomments&post=2711"}],"version-history":[{"count":1,"href":"https:\/\/www.ffw-lauenstein.de\/index.php?rest_route=\/wp\/v2\/posts\/2711\/revisions"}],"predecessor-version":[{"id":2712,"href":"https:\/\/www.ffw-lauenstein.de\/index.php?rest_route=\/wp\/v2\/posts\/2711\/revisions\/2712"}],"wp:attachment":[{"href":"https:\/\/www.ffw-lauenstein.de\/index.php?rest_route=%2Fwp%2Fv2%2Fmedia&parent=2711"}],"wp:term":[{"taxonomy":"category","embeddable":true,"href":"https:\/\/www.ffw-lauenstein.de\/index.php?rest_route=%2Fwp%2Fv2%2Fcategories&post=2711"},{"taxonomy":"post_tag","embeddable":true,"href":"https:\/\/www.ffw-lauenstein.de\/index.php?rest_route=%2Fwp%2Fv2%2Ftags&post=2711"}],"curies":[{"name":"wp","href":"https:\/\/api.w.org\/{rel}","templated":true}]}}