{"id":2717,"date":"2017-06-06T20:06:24","date_gmt":"2017-06-06T18:06:24","guid":{"rendered":"http:\/\/www.ffw-lauenstein.de\/?p=2717"},"modified":"2017-06-06T20:06:24","modified_gmt":"2017-06-06T18:06:24","slug":"25-jaehriges-bestehen-der-jf-schmerzke-und-neues-feuerwehrhaus","status":"publish","type":"post","link":"https:\/\/www.ffw-lauenstein.de\/?p=2717","title":{"rendered":"25-j\u00e4hriges Bestehen der JF Schmerzke und neues Feuerwehrhaus"},"content":{"rendered":"<p><span data-offset-key=\"1oan5-0-0\">Die Jugendfeuerwehr Lauenstein hat dieses Jahr Pfingsten bei Ihrer Partnerjugendfeuerwehr verbracht. Das tradionelle Pfingstzeltlager findet schon seit mehr als 10 Jahren statt. Nach dem die Freunde aus Schmerzke uns letztes Jahr zum 50. Jubil\u00e4um gratuliert haben, k\u00f6nnen wir dieses Jahr der JF Schmerzke zum 25-j\u00e4hrigen Bestehen gratulieren. Zu diesem Jubli\u00e4um \u00fcberreichten wir den Kameraden ein Geschenk. Neben der Feier f\u00fcr die Jugendfeuerwehr wurde zugleich das neue Feuerwehrhaus der FFw Schmerzke \u00fcbergeben. F\u00fcr das neue Feuerwehrhaus hat die FFw Lauenstein auch ein Pr\u00e4sent an die Kameraden aus Schmerzke \u00fcberreicht<\/span><\/p>\n<p>Trotz des wechselhaften Wetters hatten die Jugendlichen alle viel Spa\u00df beim Zeltlager und konnten sich mit vielen Spielen, Fu\u00dfball und anderen Aktivit\u00e4ten besch\u00e4ftigen.<\/p>\n<p><a href=\"https:\/\/ffw-lauenstein.de\/?attachment_id=2718\" rel=\"attachment wp-att-2718\"><img loading=\"lazy\" decoding=\"async\" width=\"250\" height=\"141\" class=\"alignnone size-thumbnail wp-image-2718\" alt=\"\" src=\"https:\/\/ffw-lauenstein.de\/wp-content\/uploads\/2017\/06\/IMG-20170603-WA0005-250x141.jpg\" srcset=\"https:\/\/www.ffw-lauenstein.de\/wp-content\/uploads\/2017\/06\/IMG-20170603-WA0005-250x141.jpg 250w, https:\/\/www.ffw-lauenstein.de\/wp-content\/uploads\/2017\/06\/IMG-20170603-WA0005-850x478.jpg 850w, https:\/\/www.ffw-lauenstein.de\/wp-content\/uploads\/2017\/06\/IMG-20170603-WA0005-1200x675.jpg 1200w\" sizes=\"auto, (max-width: 250px) 85vw, 250px\" \/><\/a> <a href=\"https:\/\/ffw-lauenstein.de\/?attachment_id=2719\" rel=\"attachment wp-att-2719\"><img loading=\"lazy\" decoding=\"async\" width=\"250\" height=\"141\" class=\"alignnone size-thumbnail wp-image-2719\" alt=\"\" src=\"https:\/\/ffw-lauenstein.de\/wp-content\/uploads\/2017\/06\/IMG-20170603-WA0007-250x141.jpg\"><\/a> <a href=\"https:\/\/ffw-lauenstein.de\/?attachment_id=2720\" rel=\"attachment wp-att-2720\"><img loading=\"lazy\" decoding=\"async\" width=\"250\" height=\"141\" class=\"alignnone size-thumbnail wp-image-2720\" alt=\"\" src=\"https:\/\/ffw-lauenstein.de\/wp-content\/uploads\/2017\/06\/IMG-20170605-WA0010-250x141.jpg\" srcset=\"https:\/\/www.ffw-lauenstein.de\/wp-content\/uploads\/2017\/06\/IMG-20170605-WA0010-250x141.jpg 250w, https:\/\/www.ffw-lauenstein.de\/wp-content\/uploads\/2017\/06\/IMG-20170605-WA0010-850x478.jpg 850w, https:\/\/www.ffw-lauenstein.de\/wp-content\/uploads\/2017\/06\/IMG-20170605-WA0010-1200x675.jpg 1200w\" sizes=\"auto, (max-width: 250px) 85vw, 250px\" \/><\/a> <a href=\"https:\/\/ffw-lauenstein.de\/?attachment_id=2721\" rel=\"attachment wp-att-2721\"><img loading=\"lazy\" decoding=\"async\" width=\"250\" height=\"141\" class=\"alignnone size-thumbnail wp-image-2721\" alt=\"\" src=\"https:\/\/ffw-lauenstein.de\/wp-content\/uploads\/2017\/06\/IMG-20170605-WA0014-250x141.jpg\" srcset=\"https:\/\/www.ffw-lauenstein.de\/wp-content\/uploads\/2017\/06\/IMG-20170605-WA0014-250x141.jpg 250w, https:\/\/www.ffw-lauenstein.de\/wp-content\/uploads\/2017\/06\/IMG-20170605-WA0014-850x478.jpg 850w, https:\/\/www.ffw-lauenstein.de\/wp-content\/uploads\/2017\/06\/IMG-20170605-WA0014-1200x675.jpg 1200w\" sizes=\"auto, (max-width: 250px) 85vw, 250px\" \/><\/a><\/p>\n","protected":false},"excerpt":{"rendered":"<p>Die Jugendfeuerwehr Lauenstein hat dieses Jahr Pfingsten bei Ihrer Partnerjugendfeuerwehr verbracht. Das tradionelle Pfingstzeltlager findet schon seit mehr als 10 Jahren statt. Nach dem die Freunde aus Schmerzke uns letztes &hellip; <a href=\"https:\/\/www.ffw-lauenstein.de\/?p=2717\" class=\"more-link\"><span class=\"screen-reader-text\">\u201e25-j\u00e4hriges Bestehen der JF Schmerzke und neues Feuerwehrhaus\u201c <\/span>weiterlesen<\/a><\/p>\n","protected":false},"author":4,"featured_media":0,"comment_status":"closed","ping_status":"open","sticky":false,"template":"","format":"standard","meta":{"ngg_post_thumbnail":0,"footnotes":""},"categories":[1],"tags":[],"class_list":["post-2717","post","type-post","status-publish","format-standard","hentry","category-veranstaltungen"],"_links":{"self":[{"href":"https:\/\/www.ffw-lauenstein.de\/index.php?rest_route=\/wp\/v2\/posts\/2717","targetHints":{"allow":["GET"]}}],"collection":[{"href":"https:\/\/www.ffw-lauenstein.de\/index.php?rest_route=\/wp\/v2\/posts"}],"about":[{"href":"https:\/\/www.ffw-lauenstein.de\/index.php?rest_route=\/wp\/v2\/types\/post"}],"author":[{"embeddable":true,"href":"https:\/\/www.ffw-lauenstein.de\/index.php?rest_route=\/wp\/v2\/users\/4"}],"replies":[{"embeddable":true,"href":"https:\/\/www.ffw-lauenstein.de\/index.php?rest_route=%2Fwp%2Fv2%2Fcomments&post=2717"}],"version-history":[{"count":1,"href":"https:\/\/www.ffw-lauenstein.de\/index.php?rest_route=\/wp\/v2\/posts\/2717\/revisions"}],"predecessor-version":[{"id":2722,"href":"https:\/\/www.ffw-lauenstein.de\/index.php?rest_route=\/wp\/v2\/posts\/2717\/revisions\/2722"}],"wp:attachment":[{"href":"https:\/\/www.ffw-lauenstein.de\/index.php?rest_route=%2Fwp%2Fv2%2Fmedia&parent=2717"}],"wp:term":[{"taxonomy":"category","embeddable":true,"href":"https:\/\/www.ffw-lauenstein.de\/index.php?rest_route=%2Fwp%2Fv2%2Fcategories&post=2717"},{"taxonomy":"post_tag","embeddable":true,"href":"https:\/\/www.ffw-lauenstein.de\/index.php?rest_route=%2Fwp%2Fv2%2Ftags&post=2717"}],"curies":[{"name":"wp","href":"https:\/\/api.w.org\/{rel}","templated":true}]}}