{"id":2732,"date":"2017-06-20T21:21:15","date_gmt":"2017-06-20T19:21:15","guid":{"rendered":"http:\/\/www.ffw-lauenstein.de\/?p=2732"},"modified":"2017-06-20T21:47:43","modified_gmt":"2017-06-20T19:47:43","slug":"alarmuebung-auf-dem-okal-gelaende","status":"publish","type":"post","link":"https:\/\/www.ffw-lauenstein.de\/?p=2732","title":{"rendered":"Alarm\u00fcbung auf dem OKAL-Gel\u00e4nde"},"content":{"rendered":"<p>&#8222;Was ist denn hier los ?&#8220; d\u00fcrften viele Lauensteiner gedacht haben, als am Freitag, 16.6.2017 um 17.51 Uhr die Sirenen heulten und wenig sp\u00e4ter zahlreiche Feuerwehrfahrzeuge durch den Ort eilten.<\/p>\n<p>Die Kreisfeuerwehrbereitschaft (KFB) Ost probte mit einer gro\u00dfangelegten \u00dcbung den Ernstfall auf dem OKAL-Gel\u00e4nde.&nbsp;&#8222;Brand in einer Produktionshalle mit vermissten Personen&#8220; lautete der Einsatzbefehl.<\/p>\n<p>Angriffstrupps der Ortswehren Lauenstein und Salzhemmendorf gingen als erstes mit Atemschutzger\u00e4ten in die mit einer Nebelmaschine dicht verqualmte Halle 14. Die vermissten Personen wurden von Jugendlichen der Jugendfeuerwehren Lauenstein und Salzhemmendorf gemimt. Sie wurden kurz darauf aus dem Geb\u00e4ude gerettet.<\/p>\n<p>Insgesamt waren etwa 200 Feuerwehrleute der 4 Z\u00fcge, die zur KFB Ost geh\u00f6ren, im Einsatz.&nbsp;&nbsp; Die Alarm\u00fcbung endete gegen 20 Uhr.<\/p>\n<p>Der langj\u00e4hrige stellvertretende Zugf\u00fchrer des 3. Zuges, Herbert Kunze, wurde f\u00fcr seine Verdienste mit dem Deutschen Feuerwehr-Ehrenkreuz in Silber ausgezeichnet und von Kreisbrandmeister Frank W\u00f6bbecke aus seiner Funktion verabschiedet. Das Amt des stellvertretenden Zugf\u00fchrers des 3. Zuges \u00fcbernimmt unser Lauensteiner Kamerad Jens Brock.&nbsp; Er wurde zudem zum Oberl\u00f6schmeister bef\u00f6rdert.<\/p>\n<p>Die&nbsp;DRK-Bereitschaft Bad M\u00fcnder versorgte die Feuerwehrkameraden anschlie\u00dfend&nbsp;mit Essen und Getr\u00e4nken.<a href=\"https:\/\/ffw-lauenstein.de\/?attachment_id=2725\" rel=\"attachment wp-att-2725\"><img loading=\"lazy\" decoding=\"async\" class=\"aligncenter size-full wp-image-2725\" src=\"https:\/\/ffw-lauenstein.de\/wp-content\/uploads\/2017\/06\/IMG-20170616-WA0039.jpg\" alt=\"\" width=\"1040\" height=\"780\" srcset=\"https:\/\/www.ffw-lauenstein.de\/wp-content\/uploads\/2017\/06\/IMG-20170616-WA0039.jpg 1040w, https:\/\/www.ffw-lauenstein.de\/wp-content\/uploads\/2017\/06\/IMG-20170616-WA0039-768x576.jpg 768w, https:\/\/www.ffw-lauenstein.de\/wp-content\/uploads\/2017\/06\/IMG-20170616-WA0039-624x468.jpg 624w\" sizes=\"auto, (max-width: 709px) 85vw, (max-width: 909px) 67vw, (max-width: 1362px) 62vw, 840px\" \/><\/a><\/p>\n<p><a href=\"https:\/\/ffw-lauenstein.de\/?attachment_id=2726\" rel=\"attachment wp-att-2726\"><img loading=\"lazy\" decoding=\"async\" class=\"aligncenter size-full wp-image-2726\" src=\"https:\/\/ffw-lauenstein.de\/wp-content\/uploads\/2017\/06\/IMG-20170616-WA0033.jpg\" alt=\"\" width=\"1040\" height=\"780\" srcset=\"https:\/\/www.ffw-lauenstein.de\/wp-content\/uploads\/2017\/06\/IMG-20170616-WA0033.jpg 1040w, https:\/\/www.ffw-lauenstein.de\/wp-content\/uploads\/2017\/06\/IMG-20170616-WA0033-768x576.jpg 768w, https:\/\/www.ffw-lauenstein.de\/wp-content\/uploads\/2017\/06\/IMG-20170616-WA0033-624x468.jpg 624w\" sizes=\"auto, (max-width: 709px) 85vw, (max-width: 909px) 67vw, (max-width: 1362px) 62vw, 840px\" \/><\/a> <a href=\"https:\/\/ffw-lauenstein.de\/?attachment_id=2728\" rel=\"attachment wp-att-2728\"><img loading=\"lazy\" decoding=\"async\" class=\"aligncenter size-full wp-image-2728\" src=\"https:\/\/ffw-lauenstein.de\/wp-content\/uploads\/2017\/06\/IMG-20170616-WA0031.jpg\" alt=\"\" width=\"1040\" height=\"780\" srcset=\"https:\/\/www.ffw-lauenstein.de\/wp-content\/uploads\/2017\/06\/IMG-20170616-WA0031.jpg 1040w, https:\/\/www.ffw-lauenstein.de\/wp-content\/uploads\/2017\/06\/IMG-20170616-WA0031-768x576.jpg 768w, https:\/\/www.ffw-lauenstein.de\/wp-content\/uploads\/2017\/06\/IMG-20170616-WA0031-624x468.jpg 624w\" sizes=\"auto, (max-width: 709px) 85vw, (max-width: 909px) 67vw, (max-width: 1362px) 62vw, 840px\" \/><\/a> <a href=\"https:\/\/ffw-lauenstein.de\/?attachment_id=2727\" rel=\"attachment wp-att-2727\"><img loading=\"lazy\" decoding=\"async\" class=\"aligncenter size-full wp-image-2727\" src=\"https:\/\/ffw-lauenstein.de\/wp-content\/uploads\/2017\/06\/IMG-20170616-WA0032.jpg\" alt=\"\" width=\"1040\" height=\"780\" srcset=\"https:\/\/www.ffw-lauenstein.de\/wp-content\/uploads\/2017\/06\/IMG-20170616-WA0032.jpg 1040w, https:\/\/www.ffw-lauenstein.de\/wp-content\/uploads\/2017\/06\/IMG-20170616-WA0032-768x576.jpg 768w, https:\/\/www.ffw-lauenstein.de\/wp-content\/uploads\/2017\/06\/IMG-20170616-WA0032-624x468.jpg 624w\" sizes=\"auto, (max-width: 709px) 85vw, (max-width: 909px) 67vw, (max-width: 1362px) 62vw, 840px\" \/><\/a> <a href=\"https:\/\/ffw-lauenstein.de\/?attachment_id=2729\" rel=\"attachment wp-att-2729\"><img loading=\"lazy\" decoding=\"async\" class=\"aligncenter size-full wp-image-2729\" src=\"https:\/\/ffw-lauenstein.de\/wp-content\/uploads\/2017\/06\/IMG-20170616-WA0025.jpg\" alt=\"\" width=\"1040\" height=\"780\" srcset=\"https:\/\/www.ffw-lauenstein.de\/wp-content\/uploads\/2017\/06\/IMG-20170616-WA0025.jpg 1040w, https:\/\/www.ffw-lauenstein.de\/wp-content\/uploads\/2017\/06\/IMG-20170616-WA0025-768x576.jpg 768w, https:\/\/www.ffw-lauenstein.de\/wp-content\/uploads\/2017\/06\/IMG-20170616-WA0025-624x468.jpg 624w\" sizes=\"auto, (max-width: 709px) 85vw, (max-width: 909px) 67vw, (max-width: 1362px) 62vw, 840px\" \/><\/a> <a href=\"https:\/\/ffw-lauenstein.de\/?attachment_id=2730\" rel=\"attachment wp-att-2730\"><img loading=\"lazy\" decoding=\"async\" class=\"aligncenter size-full wp-image-2730\" src=\"https:\/\/ffw-lauenstein.de\/wp-content\/uploads\/2017\/06\/IMG-20170616-WA0022.jpg\" alt=\"\" width=\"1040\" height=\"780\" srcset=\"https:\/\/www.ffw-lauenstein.de\/wp-content\/uploads\/2017\/06\/IMG-20170616-WA0022.jpg 1040w, https:\/\/www.ffw-lauenstein.de\/wp-content\/uploads\/2017\/06\/IMG-20170616-WA0022-768x576.jpg 768w, https:\/\/www.ffw-lauenstein.de\/wp-content\/uploads\/2017\/06\/IMG-20170616-WA0022-624x468.jpg 624w\" sizes=\"auto, (max-width: 709px) 85vw, (max-width: 909px) 67vw, (max-width: 1362px) 62vw, 840px\" \/><\/a>&nbsp;<\/p>\n<p>&nbsp;<\/p>\n<p>&nbsp;<\/p>\n","protected":false},"excerpt":{"rendered":"<p>&#8222;Was ist denn hier los ?&#8220; d\u00fcrften viele Lauensteiner gedacht haben, als am Freitag, 16.6.2017 um 17.51 Uhr die Sirenen heulten und wenig sp\u00e4ter zahlreiche Feuerwehrfahrzeuge durch den Ort eilten. &hellip; <a href=\"https:\/\/www.ffw-lauenstein.de\/?p=2732\" class=\"more-link\"><span class=\"screen-reader-text\">\u201eAlarm\u00fcbung auf dem OKAL-Gel\u00e4nde\u201c <\/span>weiterlesen<\/a><\/p>\n","protected":false},"author":3,"featured_media":0,"comment_status":"closed","ping_status":"open","sticky":false,"template":"","format":"standard","meta":{"ngg_post_thumbnail":0,"footnotes":""},"categories":[17,11],"tags":[],"class_list":["post-2732","post","type-post","status-publish","format-standard","hentry","category-aktuelles","category-presseberichte-allgmein"],"_links":{"self":[{"href":"https:\/\/www.ffw-lauenstein.de\/index.php?rest_route=\/wp\/v2\/posts\/2732","targetHints":{"allow":["GET"]}}],"collection":[{"href":"https:\/\/www.ffw-lauenstein.de\/index.php?rest_route=\/wp\/v2\/posts"}],"about":[{"href":"https:\/\/www.ffw-lauenstein.de\/index.php?rest_route=\/wp\/v2\/types\/post"}],"author":[{"embeddable":true,"href":"https:\/\/www.ffw-lauenstein.de\/index.php?rest_route=\/wp\/v2\/users\/3"}],"replies":[{"embeddable":true,"href":"https:\/\/www.ffw-lauenstein.de\/index.php?rest_route=%2Fwp%2Fv2%2Fcomments&post=2732"}],"version-history":[{"count":6,"href":"https:\/\/www.ffw-lauenstein.de\/index.php?rest_route=\/wp\/v2\/posts\/2732\/revisions"}],"predecessor-version":[{"id":2738,"href":"https:\/\/www.ffw-lauenstein.de\/index.php?rest_route=\/wp\/v2\/posts\/2732\/revisions\/2738"}],"wp:attachment":[{"href":"https:\/\/www.ffw-lauenstein.de\/index.php?rest_route=%2Fwp%2Fv2%2Fmedia&parent=2732"}],"wp:term":[{"taxonomy":"category","embeddable":true,"href":"https:\/\/www.ffw-lauenstein.de\/index.php?rest_route=%2Fwp%2Fv2%2Fcategories&post=2732"},{"taxonomy":"post_tag","embeddable":true,"href":"https:\/\/www.ffw-lauenstein.de\/index.php?rest_route=%2Fwp%2Fv2%2Ftags&post=2732"}],"curies":[{"name":"wp","href":"https:\/\/api.w.org\/{rel}","templated":true}]}}