{"id":2740,"date":"2017-06-23T16:52:57","date_gmt":"2017-06-23T14:52:57","guid":{"rendered":"http:\/\/www.ffw-lauenstein.de\/?p=2740"},"modified":"2017-06-23T16:52:57","modified_gmt":"2017-06-23T14:52:57","slug":"unwettereinsatz-nach-regenfaellen","status":"publish","type":"post","link":"https:\/\/www.ffw-lauenstein.de\/?p=2740","title":{"rendered":"Unwettereinsatz nach Regenf\u00e4llen"},"content":{"rendered":"<p>Am Donnerstag den&nbsp;22.06.2017 zog \u00fcber Norddeutschland ein Tiefdruckgebiet, welches viele Gewitter mit sich brachte. Die Feuerwehr Lauenstein wurde um 22:34 Uhr zu einem Einsatz gerufen. Nach gutem &#8222;Landregen&#8220; ist Wasser in eine Kellerwohnung geflossen. Das Grundwasser dr\u00fcckte aus den Abfl\u00fcssen in die Wohnung. Die Feuerwehrleute setzten eine Wasserstrahlpumpe ein um das Wasser aus der Wohnung zu bef\u00f6rdern. Mit Erfolg! Nach ca. 45min. war der Hilfeleistungseinsatz beendet und die Kameraden konnten zur\u00fcck nach Hause fahren.<\/p>\n","protected":false},"excerpt":{"rendered":"<p>Am Donnerstag den&nbsp;22.06.2017 zog \u00fcber Norddeutschland ein Tiefdruckgebiet, welches viele Gewitter mit sich brachte. Die Feuerwehr Lauenstein wurde um 22:34 Uhr zu einem Einsatz gerufen. Nach gutem &#8222;Landregen&#8220; ist Wasser &hellip; <a href=\"https:\/\/www.ffw-lauenstein.de\/?p=2740\" class=\"more-link\"><span class=\"screen-reader-text\">\u201eUnwettereinsatz nach Regenf\u00e4llen\u201c <\/span>weiterlesen<\/a><\/p>\n","protected":false},"author":4,"featured_media":0,"comment_status":"closed","ping_status":"open","sticky":false,"template":"","format":"standard","meta":{"ngg_post_thumbnail":0,"footnotes":""},"categories":[7],"tags":[],"class_list":["post-2740","post","type-post","status-publish","format-standard","hentry","category-einsatze"],"_links":{"self":[{"href":"https:\/\/www.ffw-lauenstein.de\/index.php?rest_route=\/wp\/v2\/posts\/2740","targetHints":{"allow":["GET"]}}],"collection":[{"href":"https:\/\/www.ffw-lauenstein.de\/index.php?rest_route=\/wp\/v2\/posts"}],"about":[{"href":"https:\/\/www.ffw-lauenstein.de\/index.php?rest_route=\/wp\/v2\/types\/post"}],"author":[{"embeddable":true,"href":"https:\/\/www.ffw-lauenstein.de\/index.php?rest_route=\/wp\/v2\/users\/4"}],"replies":[{"embeddable":true,"href":"https:\/\/www.ffw-lauenstein.de\/index.php?rest_route=%2Fwp%2Fv2%2Fcomments&post=2740"}],"version-history":[{"count":1,"href":"https:\/\/www.ffw-lauenstein.de\/index.php?rest_route=\/wp\/v2\/posts\/2740\/revisions"}],"predecessor-version":[{"id":2741,"href":"https:\/\/www.ffw-lauenstein.de\/index.php?rest_route=\/wp\/v2\/posts\/2740\/revisions\/2741"}],"wp:attachment":[{"href":"https:\/\/www.ffw-lauenstein.de\/index.php?rest_route=%2Fwp%2Fv2%2Fmedia&parent=2740"}],"wp:term":[{"taxonomy":"category","embeddable":true,"href":"https:\/\/www.ffw-lauenstein.de\/index.php?rest_route=%2Fwp%2Fv2%2Fcategories&post=2740"},{"taxonomy":"post_tag","embeddable":true,"href":"https:\/\/www.ffw-lauenstein.de\/index.php?rest_route=%2Fwp%2Fv2%2Ftags&post=2740"}],"curies":[{"name":"wp","href":"https:\/\/api.w.org\/{rel}","templated":true}]}}