{"id":2763,"date":"2017-07-31T20:50:13","date_gmt":"2017-07-31T18:50:13","guid":{"rendered":"http:\/\/www.ffw-lauenstein.de\/?p=2763"},"modified":"2017-07-31T20:50:23","modified_gmt":"2017-07-31T18:50:23","slug":"kreisweite-funk-und-fahruebung-weserlachs","status":"publish","type":"post","link":"https:\/\/www.ffw-lauenstein.de\/?p=2763","title":{"rendered":"Kreisweite Funk- und Fahr\u00fcbung Weserlachs"},"content":{"rendered":"<p>Die Ortsfeuerwehr Lauenstein nahm am 15.07.2017 an der kreisweiten Funk- und Fahr\u00fcbung &#8222;Weserlachs&#8220; teil. Mit 7 Kameraden hat man den MTW besetzt und ist durch den Landkreis gefahren. Nach dem man \u00fcber Funk von der TEL Koordinatenpunkte mitgeteilt bekommen hat, war es die Aufgabe der Kameraden diese Punkte ausfindig zu machen. Anschlie\u00dfend ist man diese Punkte angefahren. Hier mussten weitere Aufgaben erf\u00fcllt werden. In der Zwischenzeit hat man sich ein leckeres Fr\u00fchst\u00fcck zu sich genommen, welches sich die Kameraden zuvor organisiert haben.<\/p>\n<p><a href=\"https:\/\/ffw-lauenstein.de\/?attachment_id=2764\" rel=\"attachment wp-att-2764\"><img loading=\"lazy\" decoding=\"async\" width=\"250\" height=\"141\" class=\"alignnone size-thumbnail wp-image-2764\" alt=\"\" src=\"https:\/\/ffw-lauenstein.de\/wp-content\/uploads\/2017\/07\/IMG-20170716-WA0007-250x141.jpg\" srcset=\"https:\/\/www.ffw-lauenstein.de\/wp-content\/uploads\/2017\/07\/IMG-20170716-WA0007-250x141.jpg 250w, https:\/\/www.ffw-lauenstein.de\/wp-content\/uploads\/2017\/07\/IMG-20170716-WA0007-850x478.jpg 850w, https:\/\/www.ffw-lauenstein.de\/wp-content\/uploads\/2017\/07\/IMG-20170716-WA0007-1200x675.jpg 1200w\" sizes=\"auto, (max-width: 250px) 85vw, 250px\" \/><\/a> <a href=\"https:\/\/ffw-lauenstein.de\/?attachment_id=2765\" rel=\"attachment wp-att-2765\"><img loading=\"lazy\" decoding=\"async\" width=\"250\" height=\"141\" class=\"alignnone size-thumbnail wp-image-2765\" alt=\"\" src=\"https:\/\/ffw-lauenstein.de\/wp-content\/uploads\/2017\/07\/IMG-20170716-WA0008-250x141.jpg\" srcset=\"https:\/\/www.ffw-lauenstein.de\/wp-content\/uploads\/2017\/07\/IMG-20170716-WA0008-250x141.jpg 250w, https:\/\/www.ffw-lauenstein.de\/wp-content\/uploads\/2017\/07\/IMG-20170716-WA0008-850x478.jpg 850w, https:\/\/www.ffw-lauenstein.de\/wp-content\/uploads\/2017\/07\/IMG-20170716-WA0008-1200x675.jpg 1200w\" sizes=\"auto, (max-width: 250px) 85vw, 250px\" \/><\/a> <a href=\"https:\/\/ffw-lauenstein.de\/?attachment_id=2766\" rel=\"attachment wp-att-2766\"><img loading=\"lazy\" decoding=\"async\" width=\"250\" height=\"141\" class=\"alignnone size-thumbnail wp-image-2766\" alt=\"\" src=\"https:\/\/ffw-lauenstein.de\/wp-content\/uploads\/2017\/07\/IMG-20170715-WA0008-250x141.jpg\"><\/a> <a href=\"https:\/\/ffw-lauenstein.de\/?attachment_id=2767\" rel=\"attachment wp-att-2767\"><img loading=\"lazy\" decoding=\"async\" width=\"250\" height=\"141\" class=\"alignnone size-thumbnail wp-image-2767\" alt=\"\" src=\"https:\/\/ffw-lauenstein.de\/wp-content\/uploads\/2017\/07\/IMG-20170715-WA0010-250x141.jpg\" srcset=\"https:\/\/www.ffw-lauenstein.de\/wp-content\/uploads\/2017\/07\/IMG-20170715-WA0010-250x141.jpg 250w, https:\/\/www.ffw-lauenstein.de\/wp-content\/uploads\/2017\/07\/IMG-20170715-WA0010-850x478.jpg 850w, https:\/\/www.ffw-lauenstein.de\/wp-content\/uploads\/2017\/07\/IMG-20170715-WA0010-768x432.jpg 768w, https:\/\/www.ffw-lauenstein.de\/wp-content\/uploads\/2017\/07\/IMG-20170715-WA0010-1200x675.jpg 1200w, https:\/\/www.ffw-lauenstein.de\/wp-content\/uploads\/2017\/07\/IMG-20170715-WA0010-624x351.jpg 624w, https:\/\/www.ffw-lauenstein.de\/wp-content\/uploads\/2017\/07\/IMG-20170715-WA0010.jpg 1280w\" sizes=\"auto, (max-width: 250px) 85vw, 250px\" \/><\/a> <a href=\"https:\/\/ffw-lauenstein.de\/?attachment_id=2768\" rel=\"attachment wp-att-2768\"><img loading=\"lazy\" decoding=\"async\" width=\"250\" height=\"141\" class=\"alignnone size-thumbnail wp-image-2768\" alt=\"\" src=\"https:\/\/ffw-lauenstein.de\/wp-content\/uploads\/2017\/07\/IMG-20170715-WA0012-250x141.jpg\" srcset=\"https:\/\/www.ffw-lauenstein.de\/wp-content\/uploads\/2017\/07\/IMG-20170715-WA0012-250x141.jpg 250w, https:\/\/www.ffw-lauenstein.de\/wp-content\/uploads\/2017\/07\/IMG-20170715-WA0012-850x478.jpg 850w, https:\/\/www.ffw-lauenstein.de\/wp-content\/uploads\/2017\/07\/IMG-20170715-WA0012-1200x675.jpg 1200w\" sizes=\"auto, (max-width: 250px) 85vw, 250px\" \/><\/a> <a href=\"https:\/\/ffw-lauenstein.de\/?attachment_id=2769\" rel=\"attachment wp-att-2769\"><img loading=\"lazy\" decoding=\"async\" width=\"250\" height=\"141\" class=\"alignnone size-thumbnail wp-image-2769\" alt=\"\" src=\"https:\/\/ffw-lauenstein.de\/wp-content\/uploads\/2017\/07\/IMG-20170715-WA0019-250x141.jpg\" srcset=\"https:\/\/www.ffw-lauenstein.de\/wp-content\/uploads\/2017\/07\/IMG-20170715-WA0019-250x141.jpg 250w, https:\/\/www.ffw-lauenstein.de\/wp-content\/uploads\/2017\/07\/IMG-20170715-WA0019-850x478.jpg 850w, https:\/\/www.ffw-lauenstein.de\/wp-content\/uploads\/2017\/07\/IMG-20170715-WA0019-1200x675.jpg 1200w\" sizes=\"auto, (max-width: 250px) 85vw, 250px\" \/><\/a><\/p>\n","protected":false},"excerpt":{"rendered":"<p>Die Ortsfeuerwehr Lauenstein nahm am 15.07.2017 an der kreisweiten Funk- und Fahr\u00fcbung &#8222;Weserlachs&#8220; teil. Mit 7 Kameraden hat man den MTW besetzt und ist durch den Landkreis gefahren. Nach dem &hellip; <a href=\"https:\/\/www.ffw-lauenstein.de\/?p=2763\" class=\"more-link\"><span class=\"screen-reader-text\">\u201eKreisweite Funk- und Fahr\u00fcbung Weserlachs\u201c <\/span>weiterlesen<\/a><\/p>\n","protected":false},"author":4,"featured_media":0,"comment_status":"closed","ping_status":"open","sticky":false,"template":"","format":"standard","meta":{"ngg_post_thumbnail":0,"footnotes":""},"categories":[17,13],"tags":[],"class_list":["post-2763","post","type-post","status-publish","format-standard","hentry","category-aktuelles","category-sonstiges"],"_links":{"self":[{"href":"https:\/\/www.ffw-lauenstein.de\/index.php?rest_route=\/wp\/v2\/posts\/2763","targetHints":{"allow":["GET"]}}],"collection":[{"href":"https:\/\/www.ffw-lauenstein.de\/index.php?rest_route=\/wp\/v2\/posts"}],"about":[{"href":"https:\/\/www.ffw-lauenstein.de\/index.php?rest_route=\/wp\/v2\/types\/post"}],"author":[{"embeddable":true,"href":"https:\/\/www.ffw-lauenstein.de\/index.php?rest_route=\/wp\/v2\/users\/4"}],"replies":[{"embeddable":true,"href":"https:\/\/www.ffw-lauenstein.de\/index.php?rest_route=%2Fwp%2Fv2%2Fcomments&post=2763"}],"version-history":[{"count":1,"href":"https:\/\/www.ffw-lauenstein.de\/index.php?rest_route=\/wp\/v2\/posts\/2763\/revisions"}],"predecessor-version":[{"id":2770,"href":"https:\/\/www.ffw-lauenstein.de\/index.php?rest_route=\/wp\/v2\/posts\/2763\/revisions\/2770"}],"wp:attachment":[{"href":"https:\/\/www.ffw-lauenstein.de\/index.php?rest_route=%2Fwp%2Fv2%2Fmedia&parent=2763"}],"wp:term":[{"taxonomy":"category","embeddable":true,"href":"https:\/\/www.ffw-lauenstein.de\/index.php?rest_route=%2Fwp%2Fv2%2Fcategories&post=2763"},{"taxonomy":"post_tag","embeddable":true,"href":"https:\/\/www.ffw-lauenstein.de\/index.php?rest_route=%2Fwp%2Fv2%2Ftags&post=2763"}],"curies":[{"name":"wp","href":"https:\/\/api.w.org\/{rel}","templated":true}]}}