{"id":2811,"date":"2017-09-23T12:46:59","date_gmt":"2017-09-23T10:46:59","guid":{"rendered":"http:\/\/www.ffw-lauenstein.de\/?p=2806"},"modified":"2017-09-23T12:46:59","modified_gmt":"2017-09-23T10:46:59","slug":"arbeit-in-der-kinderfeuerwehr-lauenstein-traegt-fruechte","status":"publish","type":"post","link":"https:\/\/www.ffw-lauenstein.de\/?p=2811","title":{"rendered":"Arbeit in der Kinderfeuerwehr Lauenstein tr\u00e4gt Fr\u00fcchte"},"content":{"rendered":"<p>Seit vier Jahren besteht die Kinderfeuerwehr \u201eL\u00f6schtiger\u201c in Lauenstein. Die \u201eL\u00f6schtiger\u201cim Alter von 6 bis 12 Jahren sind die Kinderabteilung der Freiwilligen Feuerwehr Lauenstein. Die erfolgreiche Arbeit in der Kinderfeuerwehr zahlt sich aus. Kinderfeuerwehrwartin Mandy Cyperski und die stellv. Kinderfeuerwehrwartin Ute Cichy arbeiten mit Ihrem Betreuerteam viele Themen \u00fcber die Brandschutzerziehung aus. Neben dem Absetzen eines Notrufes, der Bedienung eines Feuerl\u00f6schers und vielen anderen Brandschutzthemen, nehmen die L\u00f6schtiger regelm\u00e4\u00dfig an Pr\u00fcfungen teil, um ihr erlerntes Wissen unter Beweis zu stellen. Hierbei haben die Kids schon viele Abzeichen erwerben k\u00f6nnen. Bei Aktionen mit Spiel und Spa\u00df wird der Zusammenhalt der Gruppe gef\u00f6rdert. Jetzt sind einige der Kinder schon so gro\u00df geworden das Sie in die Jugendabteilung \u00fcbernommen werden k\u00f6nnen. Ab 10 Jahren steht der Sprung in die Jugendfeuerwehr an. Die  drei \u201eL\u00f6schtiger\u201c Sveenja Hingst , Kym Sander und Janes Hoffmann wurden in einem kleinen, feierlichen Rahmen in die Jugendfeuerwehr Lauenstein \u00fcbernommen und k\u00f6nnen Ihren Dienst in der Jugendabteilung der Feuerwehr Lauenstein durchf\u00fchren. Bei der Feierlichkeit waren die Kinder- und Jugendfeuerwehr, die Ortswehrf\u00fchrung und einige Eltern anwesend. Als Dankesch\u00f6n f\u00fcr die gute Zusammenarbeit wurden den Dreien eine Urkunde und ein kleines Pr\u00e4sent \u00fcberreicht. Anschlie\u00dfend wurde gemeinsam gegrillt.<br \/>\nMit der \u00dcbernahme von der Kinderfeuerwehr in die Jugendfeuerwehr wird ein n\u00e4chstes Kapitel aufgeschlagen. Die Jugendabteilung freut sich schon auf neue und gut ausgebildete Mitglieder.<\/p>\n<p><a href=\"https:\/\/www.ffw-lauenstein.de\/?attachment_id=2807\" rel=\"attachment wp-att-2807\"><img loading=\"lazy\" decoding=\"async\" src=\"https:\/\/www.ffw-lauenstein.de\/wp-content\/uploads\/2017\/09\/IMG-20170824-WA0005-250x141.jpg\" alt=\"\" width=\"250\" height=\"141\" class=\"alignnone size-thumbnail wp-image-2807\" \/><\/a><\/p>\n","protected":false},"excerpt":{"rendered":"<p>Seit vier Jahren besteht die Kinderfeuerwehr \u201eL\u00f6schtiger\u201c in Lauenstein. Die \u201eL\u00f6schtiger\u201cim Alter von 6 bis 12 Jahren sind die Kinderabteilung der Freiwilligen Feuerwehr Lauenstein. Die erfolgreiche Arbeit in der Kinderfeuerwehr &hellip; <a href=\"https:\/\/www.ffw-lauenstein.de\/?p=2811\" class=\"more-link\"><span class=\"screen-reader-text\">\u201eArbeit in der Kinderfeuerwehr Lauenstein tr\u00e4gt Fr\u00fcchte\u201c <\/span>weiterlesen<\/a><\/p>\n","protected":false},"author":4,"featured_media":0,"comment_status":"closed","ping_status":"open","sticky":false,"template":"","format":"standard","meta":{"ngg_post_thumbnail":0,"footnotes":""},"categories":[17,11],"tags":[],"class_list":["post-2811","post","type-post","status-publish","format-standard","hentry","category-aktuelles","category-presseberichte-allgmein"],"_links":{"self":[{"href":"https:\/\/www.ffw-lauenstein.de\/index.php?rest_route=\/wp\/v2\/posts\/2811","targetHints":{"allow":["GET"]}}],"collection":[{"href":"https:\/\/www.ffw-lauenstein.de\/index.php?rest_route=\/wp\/v2\/posts"}],"about":[{"href":"https:\/\/www.ffw-lauenstein.de\/index.php?rest_route=\/wp\/v2\/types\/post"}],"author":[{"embeddable":true,"href":"https:\/\/www.ffw-lauenstein.de\/index.php?rest_route=\/wp\/v2\/users\/4"}],"replies":[{"embeddable":true,"href":"https:\/\/www.ffw-lauenstein.de\/index.php?rest_route=%2Fwp%2Fv2%2Fcomments&post=2811"}],"version-history":[{"count":0,"href":"https:\/\/www.ffw-lauenstein.de\/index.php?rest_route=\/wp\/v2\/posts\/2811\/revisions"}],"wp:attachment":[{"href":"https:\/\/www.ffw-lauenstein.de\/index.php?rest_route=%2Fwp%2Fv2%2Fmedia&parent=2811"}],"wp:term":[{"taxonomy":"category","embeddable":true,"href":"https:\/\/www.ffw-lauenstein.de\/index.php?rest_route=%2Fwp%2Fv2%2Fcategories&post=2811"},{"taxonomy":"post_tag","embeddable":true,"href":"https:\/\/www.ffw-lauenstein.de\/index.php?rest_route=%2Fwp%2Fv2%2Ftags&post=2811"}],"curies":[{"name":"wp","href":"https:\/\/api.w.org\/{rel}","templated":true}]}}