{"id":2846,"date":"2017-12-06T00:23:56","date_gmt":"2017-12-05T22:23:56","guid":{"rendered":"http:\/\/www.ffw-lauenstein.de\/?p=2846"},"modified":"2017-12-06T14:02:29","modified_gmt":"2017-12-06T12:02:29","slug":"pkw-brand-in-salzhemmendorf","status":"publish","type":"post","link":"https:\/\/www.ffw-lauenstein.de\/?p=2846","title":{"rendered":"Pkw-Brand in Salzhemmendorf"},"content":{"rendered":"<hr>\n<p style=\"text-align: left;\">W\u00e4hrend die Kameraden der FFW Salzhemmendorf am Sonntag, 3.12.2017 stundenlang bei einem Wohnhausbrand in Benstorf im Einsatz waren, r\u00fcckte die FFW Lauenstein um 21.13 Uhr zu einem Pkw-Brand in Salzhemmendorf&nbsp; aus.<\/p>\n<p>In der Berliner Stra\u00dfe brannte ein vor der Garage eines Hauses abgestellter Gel\u00e4ndewagen.<\/p>\n<p>Als die Feuerwehren Hemmendorf, Lauenstein und Wallensen am Einsatzort eintrafen, herrschte dichter Qualm in der Wohnsiedlung.<\/p>\n<p>Zwei mit Atemschutzger\u00e4ten ausger\u00fcstete Angriffstrupps nahmen z\u00fcgig die L\u00f6scharbeiten vor.<\/p>\n<p>Das Garagen-Vordach und ein Abfallbeh\u00e4lter wurden von den Flammen erfasst und besch\u00e4digt. Ein \u00dcbergreifen der Flammen auf die Garage und das Wohnhaus konnte verhindert werden.<\/p>\n<p>Ein Anwohner erlitt eine Rauchgasvergiftung und wurde ins Krankenhaus gebracht.<\/p>\n<p>Nach etwa einer Stunde war der Einsatz beendet.<\/p>\n<p>Wie die Dewezet am 5.12.2017 berichtet, geht die Polizei von schwerer vors\u00e4tzlicher Brandstiftung als Ursache aus.<\/p>\n<p><a href=\"https:\/\/www.ffw-lauenstein.de\/?attachment_id=2849\" rel=\"attachment wp-att-2849\"><img loading=\"lazy\" decoding=\"async\" class=\"aligncenter size-full wp-image-2849\" src=\"https:\/\/www.ffw-lauenstein.de\/wp-content\/uploads\/2017\/12\/IMG-20171204-WA0004.jpg\" alt=\"\" width=\"1280\" height=\"960\" srcset=\"https:\/\/www.ffw-lauenstein.de\/wp-content\/uploads\/2017\/12\/IMG-20171204-WA0004.jpg 1280w, https:\/\/www.ffw-lauenstein.de\/wp-content\/uploads\/2017\/12\/IMG-20171204-WA0004-768x576.jpg 768w, https:\/\/www.ffw-lauenstein.de\/wp-content\/uploads\/2017\/12\/IMG-20171204-WA0004-1200x900.jpg 1200w\" sizes=\"auto, (max-width: 709px) 85vw, (max-width: 909px) 67vw, (max-width: 1362px) 62vw, 840px\" \/><\/a><a href=\"https:\/\/www.ffw-lauenstein.de\/?attachment_id=2850\" rel=\"attachment wp-att-2850\"><img loading=\"lazy\" decoding=\"async\" class=\"aligncenter size-full wp-image-2850\" src=\"https:\/\/www.ffw-lauenstein.de\/wp-content\/uploads\/2017\/12\/IMG-20171204-WA0003.jpg\" alt=\"\" width=\"1280\" height=\"960\" srcset=\"https:\/\/www.ffw-lauenstein.de\/wp-content\/uploads\/2017\/12\/IMG-20171204-WA0003.jpg 1280w, https:\/\/www.ffw-lauenstein.de\/wp-content\/uploads\/2017\/12\/IMG-20171204-WA0003-768x576.jpg 768w, https:\/\/www.ffw-lauenstein.de\/wp-content\/uploads\/2017\/12\/IMG-20171204-WA0003-1200x900.jpg 1200w\" sizes=\"auto, (max-width: 709px) 85vw, (max-width: 909px) 67vw, (max-width: 1362px) 62vw, 840px\" \/><\/a><a href=\"https:\/\/www.ffw-lauenstein.de\/?attachment_id=2847\" rel=\"attachment wp-att-2847\"><img loading=\"lazy\" decoding=\"async\" class=\"aligncenter size-full wp-image-2847\" src=\"https:\/\/www.ffw-lauenstein.de\/wp-content\/uploads\/2017\/12\/IMG-20171204-WA0006.jpg\" alt=\"\" width=\"1280\" height=\"960\" srcset=\"https:\/\/www.ffw-lauenstein.de\/wp-content\/uploads\/2017\/12\/IMG-20171204-WA0006.jpg 1280w, https:\/\/www.ffw-lauenstein.de\/wp-content\/uploads\/2017\/12\/IMG-20171204-WA0006-768x576.jpg 768w, https:\/\/www.ffw-lauenstein.de\/wp-content\/uploads\/2017\/12\/IMG-20171204-WA0006-1200x900.jpg 1200w\" sizes=\"auto, (max-width: 709px) 85vw, (max-width: 909px) 67vw, (max-width: 1362px) 62vw, 840px\" \/><\/a> <a href=\"https:\/\/www.ffw-lauenstein.de\/?attachment_id=2848\" rel=\"attachment wp-att-2848\"><img loading=\"lazy\" decoding=\"async\" class=\"aligncenter size-full wp-image-2848\" src=\"https:\/\/www.ffw-lauenstein.de\/wp-content\/uploads\/2017\/12\/IMG-20171204-WA0005.jpg\" alt=\"\" width=\"1280\" height=\"960\" srcset=\"https:\/\/www.ffw-lauenstein.de\/wp-content\/uploads\/2017\/12\/IMG-20171204-WA0005.jpg 1280w, https:\/\/www.ffw-lauenstein.de\/wp-content\/uploads\/2017\/12\/IMG-20171204-WA0005-768x576.jpg 768w, https:\/\/www.ffw-lauenstein.de\/wp-content\/uploads\/2017\/12\/IMG-20171204-WA0005-1200x900.jpg 1200w\" sizes=\"auto, (max-width: 709px) 85vw, (max-width: 909px) 67vw, (max-width: 1362px) 62vw, 840px\" \/><\/a><\/p>\n","protected":false},"excerpt":{"rendered":"<p>W\u00e4hrend die Kameraden der FFW Salzhemmendorf am Sonntag, 3.12.2017 stundenlang bei einem Wohnhausbrand in Benstorf im Einsatz waren, r\u00fcckte die FFW Lauenstein um 21.13 Uhr zu einem Pkw-Brand in Salzhemmendorf&nbsp; &hellip; <a href=\"https:\/\/www.ffw-lauenstein.de\/?p=2846\" class=\"more-link\"><span class=\"screen-reader-text\">\u201ePkw-Brand in Salzhemmendorf\u201c <\/span>weiterlesen<\/a><\/p>\n","protected":false},"author":3,"featured_media":0,"comment_status":"closed","ping_status":"open","sticky":false,"template":"","format":"standard","meta":{"ngg_post_thumbnail":0,"footnotes":""},"categories":[7],"tags":[],"class_list":["post-2846","post","type-post","status-publish","format-standard","hentry","category-einsatze"],"_links":{"self":[{"href":"https:\/\/www.ffw-lauenstein.de\/index.php?rest_route=\/wp\/v2\/posts\/2846","targetHints":{"allow":["GET"]}}],"collection":[{"href":"https:\/\/www.ffw-lauenstein.de\/index.php?rest_route=\/wp\/v2\/posts"}],"about":[{"href":"https:\/\/www.ffw-lauenstein.de\/index.php?rest_route=\/wp\/v2\/types\/post"}],"author":[{"embeddable":true,"href":"https:\/\/www.ffw-lauenstein.de\/index.php?rest_route=\/wp\/v2\/users\/3"}],"replies":[{"embeddable":true,"href":"https:\/\/www.ffw-lauenstein.de\/index.php?rest_route=%2Fwp%2Fv2%2Fcomments&post=2846"}],"version-history":[{"count":6,"href":"https:\/\/www.ffw-lauenstein.de\/index.php?rest_route=\/wp\/v2\/posts\/2846\/revisions"}],"predecessor-version":[{"id":2856,"href":"https:\/\/www.ffw-lauenstein.de\/index.php?rest_route=\/wp\/v2\/posts\/2846\/revisions\/2856"}],"wp:attachment":[{"href":"https:\/\/www.ffw-lauenstein.de\/index.php?rest_route=%2Fwp%2Fv2%2Fmedia&parent=2846"}],"wp:term":[{"taxonomy":"category","embeddable":true,"href":"https:\/\/www.ffw-lauenstein.de\/index.php?rest_route=%2Fwp%2Fv2%2Fcategories&post=2846"},{"taxonomy":"post_tag","embeddable":true,"href":"https:\/\/www.ffw-lauenstein.de\/index.php?rest_route=%2Fwp%2Fv2%2Ftags&post=2846"}],"curies":[{"name":"wp","href":"https:\/\/api.w.org\/{rel}","templated":true}]}}