{"id":2920,"date":"2018-02-03T14:02:33","date_gmt":"2018-02-03T12:02:33","guid":{"rendered":"http:\/\/www.ffw-lauenstein.de\/?p=2920"},"modified":"2018-02-03T14:25:48","modified_gmt":"2018-02-03T12:25:48","slug":"jahreshauptversammlung-jugendfeuerwehr","status":"publish","type":"post","link":"https:\/\/www.ffw-lauenstein.de\/?p=2920","title":{"rendered":"Jahreshauptversammlung Jugendfeuerwehr"},"content":{"rendered":"<p>Die Jugendfeuerwehr Lauenstein hat zu Ihrer Jahreshauptversammlung im Feuerwehrhaus eingeladen. Neben den Jugendlichen wurden auch die Eltern und G\u00e4ste wie, der Kreisjugendfeuerwehrwart, die Gemeindejugendfeuerwehrwartin Salzhemmendorf und der Ortsbrandmeister eingeladen. Der Jugendwart Jens Brock zog ein positives Fazit vom Jahr 2017 f\u00fcr die Jugendfeuerwehr Lauenstein. Zum Jahresende kann er einen Mitgliederstand von 9 Jugendlichen vorweisen. Darunter 7 Jungs und 2 M\u00e4dchen. Diese leisteten im vergangen Jahr \u00fcber 3000 Stunden Dienst. Insgesamt 12 Tage konnten die Jugendlichen auf Fahrten und Zeltlagern verbringen. Man traf sich zu 71 Terminen. Nicht nur der Ausbildungsdienst stand auf dem Lehrplan. Die Jugendfeuerwehr hat erfolgreich den Kinderkarneval ausgerichtet und an vielen Wettbewerben, Spielen und weiteren Veranstaltungen teilgenommen. Darunter das einw\u00f6chige Kreiszeltlager und das 25-j\u00e4hrige Bestehen der Partnerjugendfeuerwehr aus Schmerzke (Brandenburg an der Havel), dass mit dem traditionellen Pfingstzeltlager durchgef\u00fchrt wurde. Ihre feuerwehrtechnischen F\u00e4higkeiten haben die Mitglieder Julian und Florian beim Erwerb der Jugendflamme 3 unter Beweis gestellt. Mit Stolz tragen die Beiden das h\u00f6chste Abzeichen der Jugendfeuerwehr an ihrer Uniform. Den Erwerb der Leistungsspange, der h\u00f6chsten Auszeichnung, wird im Jahr 2018 nachgeholt. Im letzten Jahr konnte die Jugendfeuerwehr Lauenstein die ersten Kinder von den L\u00f6schtigern begr\u00fc\u00dfen. Sveenja, Janes und Kym wurden von der Kinderfeuerwehr in die Jugendfeuerwehr \u00fcbergeben und verf\u00fcgen schon \u00fcber ein gro\u00dfes Feuerwehrfachwissen. Au\u00dferdem wurde das Betreuerteam durch Alina und Lucas erweitert.<br \/>\nH\u00f6hepunkt im Jahr 2018 wird das Pfingstzeltlager im Naturfreundehaus Lauenstein sein. Hier sind auch unsere Freunde aus Schmerzke zu Besuch.<\/p>\n<p><a href=\"https:\/\/www.ffw-lauenstein.de\/?attachment_id=2921\" rel=\"attachment wp-att-2921\"><img loading=\"lazy\" decoding=\"async\" src=\"https:\/\/www.ffw-lauenstein.de\/wp-content\/uploads\/2018\/02\/IMG-20180119-WA0010-250x141.jpg\" alt=\"\" width=\"250\" height=\"141\" class=\"alignnone size-thumbnail wp-image-2921\" srcset=\"https:\/\/www.ffw-lauenstein.de\/wp-content\/uploads\/2018\/02\/IMG-20180119-WA0010-250x141.jpg 250w, https:\/\/www.ffw-lauenstein.de\/wp-content\/uploads\/2018\/02\/IMG-20180119-WA0010-850x478.jpg 850w, https:\/\/www.ffw-lauenstein.de\/wp-content\/uploads\/2018\/02\/IMG-20180119-WA0010-1200x675.jpg 1200w\" sizes=\"auto, (max-width: 250px) 85vw, 250px\" \/><\/a><\/p>\n","protected":false},"excerpt":{"rendered":"<p>Die Jugendfeuerwehr Lauenstein hat zu Ihrer Jahreshauptversammlung im Feuerwehrhaus eingeladen. Neben den Jugendlichen wurden auch die Eltern und G\u00e4ste wie, der Kreisjugendfeuerwehrwart, die Gemeindejugendfeuerwehrwartin Salzhemmendorf und der Ortsbrandmeister eingeladen. Der &hellip; <a href=\"https:\/\/www.ffw-lauenstein.de\/?p=2920\" class=\"more-link\"><span class=\"screen-reader-text\">\u201eJahreshauptversammlung Jugendfeuerwehr\u201c <\/span>weiterlesen<\/a><\/p>\n","protected":false},"author":4,"featured_media":0,"comment_status":"closed","ping_status":"open","sticky":false,"template":"","format":"standard","meta":{"ngg_post_thumbnail":0,"footnotes":""},"categories":[1],"tags":[],"class_list":["post-2920","post","type-post","status-publish","format-standard","hentry","category-veranstaltungen"],"_links":{"self":[{"href":"https:\/\/www.ffw-lauenstein.de\/index.php?rest_route=\/wp\/v2\/posts\/2920","targetHints":{"allow":["GET"]}}],"collection":[{"href":"https:\/\/www.ffw-lauenstein.de\/index.php?rest_route=\/wp\/v2\/posts"}],"about":[{"href":"https:\/\/www.ffw-lauenstein.de\/index.php?rest_route=\/wp\/v2\/types\/post"}],"author":[{"embeddable":true,"href":"https:\/\/www.ffw-lauenstein.de\/index.php?rest_route=\/wp\/v2\/users\/4"}],"replies":[{"embeddable":true,"href":"https:\/\/www.ffw-lauenstein.de\/index.php?rest_route=%2Fwp%2Fv2%2Fcomments&post=2920"}],"version-history":[{"count":4,"href":"https:\/\/www.ffw-lauenstein.de\/index.php?rest_route=\/wp\/v2\/posts\/2920\/revisions"}],"predecessor-version":[{"id":2925,"href":"https:\/\/www.ffw-lauenstein.de\/index.php?rest_route=\/wp\/v2\/posts\/2920\/revisions\/2925"}],"wp:attachment":[{"href":"https:\/\/www.ffw-lauenstein.de\/index.php?rest_route=%2Fwp%2Fv2%2Fmedia&parent=2920"}],"wp:term":[{"taxonomy":"category","embeddable":true,"href":"https:\/\/www.ffw-lauenstein.de\/index.php?rest_route=%2Fwp%2Fv2%2Fcategories&post=2920"},{"taxonomy":"post_tag","embeddable":true,"href":"https:\/\/www.ffw-lauenstein.de\/index.php?rest_route=%2Fwp%2Fv2%2Ftags&post=2920"}],"curies":[{"name":"wp","href":"https:\/\/api.w.org\/{rel}","templated":true}]}}