{"id":2955,"date":"2018-04-13T19:51:58","date_gmt":"2018-04-13T17:51:58","guid":{"rendered":"http:\/\/www.ffw-lauenstein.de\/?p=2955"},"modified":"2018-04-13T19:51:58","modified_gmt":"2018-04-13T17:51:58","slug":"erfolgreicher-tagesausflug-zum-kuppelcontest","status":"publish","type":"post","link":"https:\/\/www.ffw-lauenstein.de\/?p=2955","title":{"rendered":"Erfolgreicher Tagesausflug zum Kuppelcontest"},"content":{"rendered":"<p>Die Ortsfeuerwehr Lauenstein ist am 07.04.2018 zum Kuppelcontest nach Rinteln gefahren. Dort hat die FFw M\u00f6llenbeck Ihren j\u00e4hrlichen Kuppelcontest durchgef\u00fchrt. Die Lauensteiner sind dieses Jahr mit 2 Gruppen angetreten. Beim Kuppelcontest bauen 5 Kameraden eine Saugleitung f\u00fcr &#8222;offenes Gew\u00e4sser&#8220; auf. Beim diesem Wettbewerbs geht es auf Zeit. Die Schnellstens, mit den wenigsten Fehlern kommen weiter. Die Lauensteiner haben es leider nicht in die Finalrunden geschafft. Bereits in der Vorrunde ist man ausgeschieden. Am Ende belegte die Gruppe Lauenstein 2 den 47. und Lauenstein 1 den 53. Platz von 66 gestarteten Gruppen. Trotzdem haben die Lauensteiner Kameraden wieder viel Spa\u00df gehabt.<\/p>\n<figure id=\"attachment_2959\" aria-describedby=\"caption-attachment-2959\" style=\"width: 250px\" class=\"wp-caption alignnone\"><a href=\"https:\/\/www.ffw-lauenstein.de\/?attachment_id=2959\" rel=\"attachment wp-att-2959\"><img loading=\"lazy\" decoding=\"async\" src=\"https:\/\/www.ffw-lauenstein.de\/wp-content\/uploads\/2018\/04\/IMG-20180407-WA0010-250x141.jpg\" alt=\"\" width=\"250\" height=\"141\" class=\"size-thumbnail wp-image-2959\" srcset=\"https:\/\/www.ffw-lauenstein.de\/wp-content\/uploads\/2018\/04\/IMG-20180407-WA0010-250x141.jpg 250w, https:\/\/www.ffw-lauenstein.de\/wp-content\/uploads\/2018\/04\/IMG-20180407-WA0010-850x478.jpg 850w\" sizes=\"auto, (max-width: 250px) 85vw, 250px\" \/><\/a><figcaption id=\"caption-attachment-2959\" class=\"wp-caption-text\">Ortsfeuerwehr<\/figcaption><\/figure>\n<figure id=\"attachment_2958\" aria-describedby=\"caption-attachment-2958\" style=\"width: 250px\" class=\"wp-caption alignnone\"><a href=\"https:\/\/www.ffw-lauenstein.de\/?attachment_id=2958\" rel=\"attachment wp-att-2958\"><img loading=\"lazy\" decoding=\"async\" src=\"https:\/\/www.ffw-lauenstein.de\/wp-content\/uploads\/2018\/04\/IMG-20180407-WA0011-250x141.jpg\" alt=\"\" width=\"250\" height=\"141\" class=\"size-thumbnail wp-image-2958\" srcset=\"https:\/\/www.ffw-lauenstein.de\/wp-content\/uploads\/2018\/04\/IMG-20180407-WA0011-250x141.jpg 250w, https:\/\/www.ffw-lauenstein.de\/wp-content\/uploads\/2018\/04\/IMG-20180407-WA0011-850x478.jpg 850w\" sizes=\"auto, (max-width: 250px) 85vw, 250px\" \/><\/a><figcaption id=\"caption-attachment-2958\" class=\"wp-caption-text\">Lauenstein 2<\/figcaption><\/figure>\n<figure id=\"attachment_2957\" aria-describedby=\"caption-attachment-2957\" style=\"width: 250px\" class=\"wp-caption alignnone\"><a href=\"https:\/\/www.ffw-lauenstein.de\/?attachment_id=2957\" rel=\"attachment wp-att-2957\"><img loading=\"lazy\" decoding=\"async\" src=\"https:\/\/www.ffw-lauenstein.de\/wp-content\/uploads\/2018\/04\/IMG-20180407-WA0008-250x141.jpg\" alt=\"\" width=\"250\" height=\"141\" class=\"size-thumbnail wp-image-2957\" srcset=\"https:\/\/www.ffw-lauenstein.de\/wp-content\/uploads\/2018\/04\/IMG-20180407-WA0008-250x141.jpg 250w, https:\/\/www.ffw-lauenstein.de\/wp-content\/uploads\/2018\/04\/IMG-20180407-WA0008-850x478.jpg 850w\" sizes=\"auto, (max-width: 250px) 85vw, 250px\" \/><\/a><figcaption id=\"caption-attachment-2957\" class=\"wp-caption-text\">Lauenstein 1<\/figcaption><\/figure>\n<figure id=\"attachment_2956\" aria-describedby=\"caption-attachment-2956\" style=\"width: 250px\" class=\"wp-caption alignnone\"><a href=\"https:\/\/www.ffw-lauenstein.de\/?attachment_id=2956\" rel=\"attachment wp-att-2956\"><img loading=\"lazy\" decoding=\"async\" src=\"https:\/\/www.ffw-lauenstein.de\/wp-content\/uploads\/2018\/04\/IMG-20180407-WA0015-250x141.jpg\" alt=\"\" width=\"250\" height=\"141\" class=\"size-thumbnail wp-image-2956\" srcset=\"https:\/\/www.ffw-lauenstein.de\/wp-content\/uploads\/2018\/04\/IMG-20180407-WA0015-250x141.jpg 250w, https:\/\/www.ffw-lauenstein.de\/wp-content\/uploads\/2018\/04\/IMG-20180407-WA0015-850x478.jpg 850w\" sizes=\"auto, (max-width: 250px) 85vw, 250px\" \/><\/a><figcaption id=\"caption-attachment-2956\" class=\"wp-caption-text\">Lauenstein Wettbewerbsgruppe<\/figcaption><\/figure>\n","protected":false},"excerpt":{"rendered":"<p>Die Ortsfeuerwehr Lauenstein ist am 07.04.2018 zum Kuppelcontest nach Rinteln gefahren. Dort hat die FFw M\u00f6llenbeck Ihren j\u00e4hrlichen Kuppelcontest durchgef\u00fchrt. Die Lauensteiner sind dieses Jahr mit 2 Gruppen angetreten. Beim &hellip; <a href=\"https:\/\/www.ffw-lauenstein.de\/?p=2955\" class=\"more-link\"><span class=\"screen-reader-text\">\u201eErfolgreicher Tagesausflug zum Kuppelcontest\u201c <\/span>weiterlesen<\/a><\/p>\n","protected":false},"author":4,"featured_media":0,"comment_status":"closed","ping_status":"open","sticky":false,"template":"","format":"standard","meta":{"ngg_post_thumbnail":0,"footnotes":""},"categories":[1],"tags":[],"class_list":["post-2955","post","type-post","status-publish","format-standard","hentry","category-veranstaltungen"],"_links":{"self":[{"href":"https:\/\/www.ffw-lauenstein.de\/index.php?rest_route=\/wp\/v2\/posts\/2955","targetHints":{"allow":["GET"]}}],"collection":[{"href":"https:\/\/www.ffw-lauenstein.de\/index.php?rest_route=\/wp\/v2\/posts"}],"about":[{"href":"https:\/\/www.ffw-lauenstein.de\/index.php?rest_route=\/wp\/v2\/types\/post"}],"author":[{"embeddable":true,"href":"https:\/\/www.ffw-lauenstein.de\/index.php?rest_route=\/wp\/v2\/users\/4"}],"replies":[{"embeddable":true,"href":"https:\/\/www.ffw-lauenstein.de\/index.php?rest_route=%2Fwp%2Fv2%2Fcomments&post=2955"}],"version-history":[{"count":1,"href":"https:\/\/www.ffw-lauenstein.de\/index.php?rest_route=\/wp\/v2\/posts\/2955\/revisions"}],"predecessor-version":[{"id":2960,"href":"https:\/\/www.ffw-lauenstein.de\/index.php?rest_route=\/wp\/v2\/posts\/2955\/revisions\/2960"}],"wp:attachment":[{"href":"https:\/\/www.ffw-lauenstein.de\/index.php?rest_route=%2Fwp%2Fv2%2Fmedia&parent=2955"}],"wp:term":[{"taxonomy":"category","embeddable":true,"href":"https:\/\/www.ffw-lauenstein.de\/index.php?rest_route=%2Fwp%2Fv2%2Fcategories&post=2955"},{"taxonomy":"post_tag","embeddable":true,"href":"https:\/\/www.ffw-lauenstein.de\/index.php?rest_route=%2Fwp%2Fv2%2Ftags&post=2955"}],"curies":[{"name":"wp","href":"https:\/\/api.w.org\/{rel}","templated":true}]}}