{"id":2973,"date":"2018-05-16T07:08:06","date_gmt":"2018-05-16T05:08:06","guid":{"rendered":"http:\/\/www.ffw-lauenstein.de\/?p=2973"},"modified":"2018-05-16T07:08:06","modified_gmt":"2018-05-16T05:08:06","slug":"tragehilfe-fuer-person-aus-dem-2-stock","status":"publish","type":"post","link":"https:\/\/www.ffw-lauenstein.de\/?p=2973","title":{"rendered":"Tragehilfe f\u00fcr Person aus dem 2. Stock"},"content":{"rendered":"<p>Die Ortsfeuerwehr Lauenstein wurde am Dienstag 15.05.2018 zu einer Tragehilfe alarmiert. Der Rettungsdienst, der bereits vor Ort war, hat die Feuerwehr zur Unterst\u00fctzung gerufen. Zus\u00e4tzlich wurde eine Drehleiter alarmiert. Diese wurde allerdings nicht zum Einsatz gebracht. Nach dem die Person aus dem Geb\u00e4ude getragen wurde, hat man Sie dem Rettungsdienst \u00fcbergeben. Die Person wurde anschlie\u00dfend in ein Krankenhaus gebracht.<\/p>\n","protected":false},"excerpt":{"rendered":"<p>Die Ortsfeuerwehr Lauenstein wurde am Dienstag 15.05.2018 zu einer Tragehilfe alarmiert. Der Rettungsdienst, der bereits vor Ort war, hat die Feuerwehr zur Unterst\u00fctzung gerufen. Zus\u00e4tzlich wurde eine Drehleiter alarmiert. Diese &hellip; <a href=\"https:\/\/www.ffw-lauenstein.de\/?p=2973\" class=\"more-link\"><span class=\"screen-reader-text\">\u201eTragehilfe f\u00fcr Person aus dem 2. Stock\u201c <\/span>weiterlesen<\/a><\/p>\n","protected":false},"author":4,"featured_media":0,"comment_status":"closed","ping_status":"open","sticky":false,"template":"","format":"standard","meta":{"ngg_post_thumbnail":0,"footnotes":""},"categories":[7],"tags":[],"class_list":["post-2973","post","type-post","status-publish","format-standard","hentry","category-einsatze"],"_links":{"self":[{"href":"https:\/\/www.ffw-lauenstein.de\/index.php?rest_route=\/wp\/v2\/posts\/2973","targetHints":{"allow":["GET"]}}],"collection":[{"href":"https:\/\/www.ffw-lauenstein.de\/index.php?rest_route=\/wp\/v2\/posts"}],"about":[{"href":"https:\/\/www.ffw-lauenstein.de\/index.php?rest_route=\/wp\/v2\/types\/post"}],"author":[{"embeddable":true,"href":"https:\/\/www.ffw-lauenstein.de\/index.php?rest_route=\/wp\/v2\/users\/4"}],"replies":[{"embeddable":true,"href":"https:\/\/www.ffw-lauenstein.de\/index.php?rest_route=%2Fwp%2Fv2%2Fcomments&post=2973"}],"version-history":[{"count":1,"href":"https:\/\/www.ffw-lauenstein.de\/index.php?rest_route=\/wp\/v2\/posts\/2973\/revisions"}],"predecessor-version":[{"id":2974,"href":"https:\/\/www.ffw-lauenstein.de\/index.php?rest_route=\/wp\/v2\/posts\/2973\/revisions\/2974"}],"wp:attachment":[{"href":"https:\/\/www.ffw-lauenstein.de\/index.php?rest_route=%2Fwp%2Fv2%2Fmedia&parent=2973"}],"wp:term":[{"taxonomy":"category","embeddable":true,"href":"https:\/\/www.ffw-lauenstein.de\/index.php?rest_route=%2Fwp%2Fv2%2Fcategories&post=2973"},{"taxonomy":"post_tag","embeddable":true,"href":"https:\/\/www.ffw-lauenstein.de\/index.php?rest_route=%2Fwp%2Fv2%2Ftags&post=2973"}],"curies":[{"name":"wp","href":"https:\/\/api.w.org\/{rel}","templated":true}]}}