{"id":2977,"date":"2018-06-03T10:45:42","date_gmt":"2018-06-03T08:45:42","guid":{"rendered":"http:\/\/www.ffw-lauenstein.de\/?p=2977"},"modified":"2018-06-03T10:45:42","modified_gmt":"2018-06-03T08:45:42","slug":"pfingstzeltlager-der-jugendfeuerwehr","status":"publish","type":"post","link":"https:\/\/www.ffw-lauenstein.de\/?p=2977","title":{"rendered":"Pfingstzeltlager der Jugendfeuerwehr"},"content":{"rendered":"<p>Das traditionelle Pfingstzeltlager fand dieses jahr wieder im Naturfreundehaus Lauenstein statt. Nach dem wir und einige Kameraden der Einsatzabteilung bereits am Freitag Nachmittag die Zelte aufgebaut haben, konnten wir unser Lager aufschlagen und die Schlafpl\u00e4tze beziehen. Gemeinsam mit der Nachbarjugendfeuerwehr aus Hemmendorf haben wir auf die Ankunft unserer G\u00e4ste aus Schmerzke (Brandenburg) gewartet. In der Zwischenzeit haben wir im Wald viel Holz f\u00fcr das Lagerfeuer gesammelt. Nach der Begr\u00fc\u00dfung unserer Partnerjugendfeuerwehr haben wir den Grill angemacht. Zum Abendessen gab es Burger. Anschlie\u00dfend hat man es sich am Lagerfeuer gem\u00fchtlich gemacht. Hierbei haben wir die neuen Mitglieder der Schmerzker Jugendfeuerwehr kennengelernt. Am Samstag ging es nach dem Fr\u00fchst\u00fcck nach Bodenwerder. Hier sind wir mit der Sommerrodelbahn gefahren. Anschlie\u00dfend sind wir an der Weser spazieren gegangen und haben uns ein Eis geg\u00f6nnt. Den Rest des Tages haben wir auf dem Zeltplatz verbracht. In dieser Freizeit haben wir das Gel\u00e4nde des Naturfreundehauses erkundet und haben Spiele gespielt. Am Sonntag wurde erstmal ausgeschlafen, weil wir in der Nacht geweckt wurden. Die Betreuer haben sich eine Nachtwanderung ausgedacht. Mittags fuhren wir zum Schwimmen nach Bad Pyrmont ins Wellenbad. Auch hier hatten wir riesigen Spa\u00df. Als St\u00e4rkung gab es zum Abendessen Gyros. Die 4 Tage mit den 3 \u00dcbernachtungen gingen schnell vor\u00fcber, denn am Montag war schon die Abreise geplant. Nach dem wir uns von unseren Freunden verabschiedet haben, wurde der Zeltplatz aufger\u00e4umt und die Zelte abgebaut. Wir freuen uns schon auf das n\u00e4chste Pfingszeltlager in Schmerzke!<br \/>\n<a href=\"https:\/\/www.ffw-lauenstein.de\/?attachment_id=2978\" rel=\"attachment wp-att-2978\"><img loading=\"lazy\" decoding=\"async\" src=\"https:\/\/www.ffw-lauenstein.de\/wp-content\/uploads\/2018\/06\/IMG_20180518_195209110-250x141.jpg\" alt=\"\" width=\"250\" height=\"141\" class=\"alignnone size-thumbnail wp-image-2978\" srcset=\"https:\/\/www.ffw-lauenstein.de\/wp-content\/uploads\/2018\/06\/IMG_20180518_195209110-250x141.jpg 250w, https:\/\/www.ffw-lauenstein.de\/wp-content\/uploads\/2018\/06\/IMG_20180518_195209110-850x478.jpg 850w, https:\/\/www.ffw-lauenstein.de\/wp-content\/uploads\/2018\/06\/IMG_20180518_195209110-1200x675.jpg 1200w\" sizes=\"auto, (max-width: 250px) 85vw, 250px\" \/><\/a><\/p>\n<p><a href=\"https:\/\/www.ffw-lauenstein.de\/?attachment_id=2979\" rel=\"attachment wp-att-2979\"><img loading=\"lazy\" decoding=\"async\" src=\"https:\/\/www.ffw-lauenstein.de\/wp-content\/uploads\/2018\/06\/IMG_20180518_195212310_HDR-250x141.jpg\" alt=\"\" width=\"250\" height=\"141\" class=\"alignnone size-thumbnail wp-image-2979\" srcset=\"https:\/\/www.ffw-lauenstein.de\/wp-content\/uploads\/2018\/06\/IMG_20180518_195212310_HDR-250x141.jpg 250w, https:\/\/www.ffw-lauenstein.de\/wp-content\/uploads\/2018\/06\/IMG_20180518_195212310_HDR-850x478.jpg 850w, https:\/\/www.ffw-lauenstein.de\/wp-content\/uploads\/2018\/06\/IMG_20180518_195212310_HDR-1200x675.jpg 1200w\" sizes=\"auto, (max-width: 250px) 85vw, 250px\" \/><\/a><\/p>\n<p><a href=\"https:\/\/www.ffw-lauenstein.de\/?attachment_id=2980\" rel=\"attachment wp-att-2980\"><img loading=\"lazy\" decoding=\"async\" src=\"https:\/\/www.ffw-lauenstein.de\/wp-content\/uploads\/2018\/06\/IMG_20180519_175029092-250x141.jpg\" alt=\"\" width=\"250\" height=\"141\" class=\"alignnone size-thumbnail wp-image-2980\" srcset=\"https:\/\/www.ffw-lauenstein.de\/wp-content\/uploads\/2018\/06\/IMG_20180519_175029092-250x141.jpg 250w, https:\/\/www.ffw-lauenstein.de\/wp-content\/uploads\/2018\/06\/IMG_20180519_175029092-850x478.jpg 850w, https:\/\/www.ffw-lauenstein.de\/wp-content\/uploads\/2018\/06\/IMG_20180519_175029092-1200x675.jpg 1200w\" sizes=\"auto, (max-width: 250px) 85vw, 250px\" \/><\/a><\/p>\n<p><a href=\"https:\/\/www.ffw-lauenstein.de\/?attachment_id=2981\" rel=\"attachment wp-att-2981\"><img loading=\"lazy\" decoding=\"async\" src=\"https:\/\/www.ffw-lauenstein.de\/wp-content\/uploads\/2018\/06\/IMG_20180520_122122498-250x141.jpg\" alt=\"\" width=\"250\" height=\"141\" class=\"alignnone size-thumbnail wp-image-2981\" srcset=\"https:\/\/www.ffw-lauenstein.de\/wp-content\/uploads\/2018\/06\/IMG_20180520_122122498-250x141.jpg 250w, https:\/\/www.ffw-lauenstein.de\/wp-content\/uploads\/2018\/06\/IMG_20180520_122122498-850x478.jpg 850w, https:\/\/www.ffw-lauenstein.de\/wp-content\/uploads\/2018\/06\/IMG_20180520_122122498-1200x675.jpg 1200w\" sizes=\"auto, (max-width: 250px) 85vw, 250px\" \/><\/a><\/p>\n<p><a href=\"https:\/\/www.ffw-lauenstein.de\/?attachment_id=2982\" rel=\"attachment wp-att-2982\"><img loading=\"lazy\" decoding=\"async\" src=\"https:\/\/www.ffw-lauenstein.de\/wp-content\/uploads\/2018\/06\/IMG_20180520_191504231-250x141.jpg\" alt=\"\" width=\"250\" height=\"141\" class=\"alignnone size-thumbnail wp-image-2982\" srcset=\"https:\/\/www.ffw-lauenstein.de\/wp-content\/uploads\/2018\/06\/IMG_20180520_191504231-250x141.jpg 250w, https:\/\/www.ffw-lauenstein.de\/wp-content\/uploads\/2018\/06\/IMG_20180520_191504231-850x478.jpg 850w, https:\/\/www.ffw-lauenstein.de\/wp-content\/uploads\/2018\/06\/IMG_20180520_191504231-1200x675.jpg 1200w\" sizes=\"auto, (max-width: 250px) 85vw, 250px\" \/><\/a><\/p>\n<p><a href=\"https:\/\/www.ffw-lauenstein.de\/?attachment_id=2983\" rel=\"attachment wp-att-2983\"><img loading=\"lazy\" decoding=\"async\" src=\"https:\/\/www.ffw-lauenstein.de\/wp-content\/uploads\/2018\/06\/IMG_20180520_191510692-250x141.jpg\" alt=\"\" width=\"250\" height=\"141\" class=\"alignnone size-thumbnail wp-image-2983\" srcset=\"https:\/\/www.ffw-lauenstein.de\/wp-content\/uploads\/2018\/06\/IMG_20180520_191510692-250x141.jpg 250w, https:\/\/www.ffw-lauenstein.de\/wp-content\/uploads\/2018\/06\/IMG_20180520_191510692-850x478.jpg 850w, https:\/\/www.ffw-lauenstein.de\/wp-content\/uploads\/2018\/06\/IMG_20180520_191510692-1200x675.jpg 1200w\" sizes=\"auto, (max-width: 250px) 85vw, 250px\" \/><\/a><\/p>\n","protected":false},"excerpt":{"rendered":"<p>Das traditionelle Pfingstzeltlager fand dieses jahr wieder im Naturfreundehaus Lauenstein statt. Nach dem wir und einige Kameraden der Einsatzabteilung bereits am Freitag Nachmittag die Zelte aufgebaut haben, konnten wir unser &hellip; <a href=\"https:\/\/www.ffw-lauenstein.de\/?p=2977\" class=\"more-link\"><span class=\"screen-reader-text\">\u201ePfingstzeltlager der Jugendfeuerwehr\u201c <\/span>weiterlesen<\/a><\/p>\n","protected":false},"author":4,"featured_media":0,"comment_status":"closed","ping_status":"open","sticky":false,"template":"","format":"standard","meta":{"ngg_post_thumbnail":0,"footnotes":""},"categories":[17,13],"tags":[],"class_list":["post-2977","post","type-post","status-publish","format-standard","hentry","category-aktuelles","category-sonstiges"],"_links":{"self":[{"href":"https:\/\/www.ffw-lauenstein.de\/index.php?rest_route=\/wp\/v2\/posts\/2977","targetHints":{"allow":["GET"]}}],"collection":[{"href":"https:\/\/www.ffw-lauenstein.de\/index.php?rest_route=\/wp\/v2\/posts"}],"about":[{"href":"https:\/\/www.ffw-lauenstein.de\/index.php?rest_route=\/wp\/v2\/types\/post"}],"author":[{"embeddable":true,"href":"https:\/\/www.ffw-lauenstein.de\/index.php?rest_route=\/wp\/v2\/users\/4"}],"replies":[{"embeddable":true,"href":"https:\/\/www.ffw-lauenstein.de\/index.php?rest_route=%2Fwp%2Fv2%2Fcomments&post=2977"}],"version-history":[{"count":1,"href":"https:\/\/www.ffw-lauenstein.de\/index.php?rest_route=\/wp\/v2\/posts\/2977\/revisions"}],"predecessor-version":[{"id":2984,"href":"https:\/\/www.ffw-lauenstein.de\/index.php?rest_route=\/wp\/v2\/posts\/2977\/revisions\/2984"}],"wp:attachment":[{"href":"https:\/\/www.ffw-lauenstein.de\/index.php?rest_route=%2Fwp%2Fv2%2Fmedia&parent=2977"}],"wp:term":[{"taxonomy":"category","embeddable":true,"href":"https:\/\/www.ffw-lauenstein.de\/index.php?rest_route=%2Fwp%2Fv2%2Fcategories&post=2977"},{"taxonomy":"post_tag","embeddable":true,"href":"https:\/\/www.ffw-lauenstein.de\/index.php?rest_route=%2Fwp%2Fv2%2Ftags&post=2977"}],"curies":[{"name":"wp","href":"https:\/\/api.w.org\/{rel}","templated":true}]}}