{"id":3121,"date":"2018-08-31T13:58:19","date_gmt":"2018-08-31T11:58:19","guid":{"rendered":"http:\/\/www.ffw-lauenstein.de\/?p=3121"},"modified":"2018-08-31T13:59:53","modified_gmt":"2018-08-31T11:59:53","slug":"gemeindeatemschutz-ausbildung","status":"publish","type":"post","link":"https:\/\/www.ffw-lauenstein.de\/?p=3121","title":{"rendered":"Gemeindeatemschutz Ausbildung"},"content":{"rendered":"<p>Gemeinsam mit der Gemeindefeuerwehr Salzhemmendorf hat die Ortsfeuerwehr Lauenstein an einer Atemschutzausbildung teilgenommen. Hier nahmen mehrere Atemschutzger\u00e4tetr\u00e4ger aus dem Gemeindegebiet teil. In verschiedenen Gruppen aufgeteilt hat man mehrere Ausbildungseinheiten durchgef\u00fchrt. Es gab drei praktische Einheiten und 2 theoretische Unterrichtseinheiten. In den Theorieeinheiten hat man die Themen Atemschutzdokumentation, Atemschutz\u00fcberwachung und Schlauchmanagement vorgenommen. Bei den praktischen \u00dcbungseinheiten hat man einen Kellerbrand simuliert, eine Personensuche mit Brandbek\u00e4mpfung in einem gro\u00dfen B\u00fcrokomplex, sowie Menschenrettung in einem Gro\u00dfraumb\u00fcro durchgef\u00fchrt. Ziel dieser Gemeindeausbildung war es die Atemschutzger\u00e4tetr\u00e4ger aus den verschiedenen Ortsfeuerwehren besser kennenzulernen und dadurch die Teamf\u00e4higkeit zu f\u00f6rdern. Da es demn\u00e4chst eine \u00c4nderung in der Alarmierung bei Gro\u00dfschadenslagen geben wird, kann es sein das man einen Atemschutztrupp aus verschiedenen Ortsfeuerwehren bilden muss. Daher werden weiterhin verschiedene Gemeindeausbildungen im Bereich Atemschutz durchgef\u00fchrt.<\/p>\n<p><a href=\"https:\/\/www.ffw-lauenstein.de\/?attachment_id=3122\" rel=\"attachment wp-att-3122\"><img loading=\"lazy\" decoding=\"async\" src=\"https:\/\/www.ffw-lauenstein.de\/wp-content\/uploads\/2018\/08\/IMG_20180825_114159858_HDR-250x141.jpg\" alt=\"\" width=\"250\" height=\"141\" class=\"alignnone size-thumbnail wp-image-3122\" srcset=\"https:\/\/www.ffw-lauenstein.de\/wp-content\/uploads\/2018\/08\/IMG_20180825_114159858_HDR-250x141.jpg 250w, https:\/\/www.ffw-lauenstein.de\/wp-content\/uploads\/2018\/08\/IMG_20180825_114159858_HDR-850x478.jpg 850w, https:\/\/www.ffw-lauenstein.de\/wp-content\/uploads\/2018\/08\/IMG_20180825_114159858_HDR-1200x675.jpg 1200w\" sizes=\"auto, (max-width: 250px) 85vw, 250px\" \/><\/a><\/p>\n<p><a href=\"https:\/\/www.ffw-lauenstein.de\/?attachment_id=3123\" rel=\"attachment wp-att-3123\"><img loading=\"lazy\" decoding=\"async\" src=\"https:\/\/www.ffw-lauenstein.de\/wp-content\/uploads\/2018\/08\/IMG_20180825_114353154_HDR-250x141.jpg\" alt=\"\" width=\"250\" height=\"141\" class=\"alignnone size-thumbnail wp-image-3123\" srcset=\"https:\/\/www.ffw-lauenstein.de\/wp-content\/uploads\/2018\/08\/IMG_20180825_114353154_HDR-250x141.jpg 250w, https:\/\/www.ffw-lauenstein.de\/wp-content\/uploads\/2018\/08\/IMG_20180825_114353154_HDR-850x478.jpg 850w, https:\/\/www.ffw-lauenstein.de\/wp-content\/uploads\/2018\/08\/IMG_20180825_114353154_HDR-1200x675.jpg 1200w\" sizes=\"auto, (max-width: 250px) 85vw, 250px\" \/><\/a><\/p>\n<p><a href=\"https:\/\/www.ffw-lauenstein.de\/?attachment_id=3124\" rel=\"attachment wp-att-3124\"><img loading=\"lazy\" decoding=\"async\" src=\"https:\/\/www.ffw-lauenstein.de\/wp-content\/uploads\/2018\/08\/IMG_20180825_115156109_HDR-250x141.jpg\" alt=\"\" width=\"250\" height=\"141\" class=\"alignnone size-thumbnail wp-image-3124\" srcset=\"https:\/\/www.ffw-lauenstein.de\/wp-content\/uploads\/2018\/08\/IMG_20180825_115156109_HDR-250x141.jpg 250w, https:\/\/www.ffw-lauenstein.de\/wp-content\/uploads\/2018\/08\/IMG_20180825_115156109_HDR-850x478.jpg 850w, https:\/\/www.ffw-lauenstein.de\/wp-content\/uploads\/2018\/08\/IMG_20180825_115156109_HDR-1200x675.jpg 1200w\" sizes=\"auto, (max-width: 250px) 85vw, 250px\" \/><\/a><\/p>\n","protected":false},"excerpt":{"rendered":"<p>Gemeinsam mit der Gemeindefeuerwehr Salzhemmendorf hat die Ortsfeuerwehr Lauenstein an einer Atemschutzausbildung teilgenommen. Hier nahmen mehrere Atemschutzger\u00e4tetr\u00e4ger aus dem Gemeindegebiet teil. In verschiedenen Gruppen aufgeteilt hat man mehrere Ausbildungseinheiten durchgef\u00fchrt. &hellip; <a href=\"https:\/\/www.ffw-lauenstein.de\/?p=3121\" class=\"more-link\"><span class=\"screen-reader-text\">\u201eGemeindeatemschutz Ausbildung\u201c <\/span>weiterlesen<\/a><\/p>\n","protected":false},"author":4,"featured_media":0,"comment_status":"closed","ping_status":"open","sticky":false,"template":"","format":"standard","meta":{"ngg_post_thumbnail":0,"footnotes":""},"categories":[17,13],"tags":[],"class_list":["post-3121","post","type-post","status-publish","format-standard","hentry","category-aktuelles","category-sonstiges"],"_links":{"self":[{"href":"https:\/\/www.ffw-lauenstein.de\/index.php?rest_route=\/wp\/v2\/posts\/3121","targetHints":{"allow":["GET"]}}],"collection":[{"href":"https:\/\/www.ffw-lauenstein.de\/index.php?rest_route=\/wp\/v2\/posts"}],"about":[{"href":"https:\/\/www.ffw-lauenstein.de\/index.php?rest_route=\/wp\/v2\/types\/post"}],"author":[{"embeddable":true,"href":"https:\/\/www.ffw-lauenstein.de\/index.php?rest_route=\/wp\/v2\/users\/4"}],"replies":[{"embeddable":true,"href":"https:\/\/www.ffw-lauenstein.de\/index.php?rest_route=%2Fwp%2Fv2%2Fcomments&post=3121"}],"version-history":[{"count":2,"href":"https:\/\/www.ffw-lauenstein.de\/index.php?rest_route=\/wp\/v2\/posts\/3121\/revisions"}],"predecessor-version":[{"id":3126,"href":"https:\/\/www.ffw-lauenstein.de\/index.php?rest_route=\/wp\/v2\/posts\/3121\/revisions\/3126"}],"wp:attachment":[{"href":"https:\/\/www.ffw-lauenstein.de\/index.php?rest_route=%2Fwp%2Fv2%2Fmedia&parent=3121"}],"wp:term":[{"taxonomy":"category","embeddable":true,"href":"https:\/\/www.ffw-lauenstein.de\/index.php?rest_route=%2Fwp%2Fv2%2Fcategories&post=3121"},{"taxonomy":"post_tag","embeddable":true,"href":"https:\/\/www.ffw-lauenstein.de\/index.php?rest_route=%2Fwp%2Fv2%2Ftags&post=3121"}],"curies":[{"name":"wp","href":"https:\/\/api.w.org\/{rel}","templated":true}]}}