{"id":3139,"date":"2018-09-26T20:15:45","date_gmt":"2018-09-26T18:15:45","guid":{"rendered":"http:\/\/www.ffw-lauenstein.de\/?p=3139"},"modified":"2018-09-30T11:40:06","modified_gmt":"2018-09-30T09:40:06","slug":"neue-kleidung-fuer-die-kinderfeuerwehr","status":"publish","type":"post","link":"https:\/\/www.ffw-lauenstein.de\/?p=3139","title":{"rendered":"Neue Kleidung f\u00fcr die Kinderfeuerwehr"},"content":{"rendered":"<p>Die Kinderfeuerwehr Lauenstein hat neue Dienstkleidung f\u00fcr Ihren \u00dcbungsdienst bekommen. Die Kleidung wurde von der Otto-Kreibaum-Stiftung und vom Ortsrat Lauenstein gespendet. Diese finanziellen Mittel haben es erm\u00f6glicht eine der ersten Kinderfeuerwehren im Landkreis Hameln-Pyrmont zu sein, die diese Dienstkleidung tragen k\u00f6nnen. Die Kinder im Alter von 6-10 Jahren haben sich \u00fcber die neue Kleidung gefreut. Viele f\u00fchlen sich darin schon fast wie erwachsene Feuerwehrfrauen und -M\u00e4nner.<\/p>\n<p><a href=\"https:\/\/www.ffw-lauenstein.de\/?attachment_id=3145\" rel=\"attachment wp-att-3145\"><img loading=\"lazy\" decoding=\"async\" src=\"https:\/\/www.ffw-lauenstein.de\/wp-content\/uploads\/2018\/09\/\u00dcbernahme-Dienstkleidung-Kinderfeuerwehr-03.09.2018-250x141.jpg\" alt=\"\" width=\"250\" height=\"141\" class=\"alignnone size-thumbnail wp-image-3145\" srcset=\"https:\/\/www.ffw-lauenstein.de\/wp-content\/uploads\/2018\/09\/\u00dcbernahme-Dienstkleidung-Kinderfeuerwehr-03.09.2018-250x141.jpg 250w, https:\/\/www.ffw-lauenstein.de\/wp-content\/uploads\/2018\/09\/\u00dcbernahme-Dienstkleidung-Kinderfeuerwehr-03.09.2018-850x478.jpg 850w, https:\/\/www.ffw-lauenstein.de\/wp-content\/uploads\/2018\/09\/\u00dcbernahme-Dienstkleidung-Kinderfeuerwehr-03.09.2018-768x432.jpg 768w, https:\/\/www.ffw-lauenstein.de\/wp-content\/uploads\/2018\/09\/\u00dcbernahme-Dienstkleidung-Kinderfeuerwehr-03.09.2018-1200x675.jpg 1200w, https:\/\/www.ffw-lauenstein.de\/wp-content\/uploads\/2018\/09\/\u00dcbernahme-Dienstkleidung-Kinderfeuerwehr-03.09.2018.jpg 1599w\" sizes=\"auto, (max-width: 250px) 85vw, 250px\" \/><\/a><\/p>\n","protected":false},"excerpt":{"rendered":"<p>Die Kinderfeuerwehr Lauenstein hat neue Dienstkleidung f\u00fcr Ihren \u00dcbungsdienst bekommen. Die Kleidung wurde von der Otto-Kreibaum-Stiftung und vom Ortsrat Lauenstein gespendet. Diese finanziellen Mittel haben es erm\u00f6glicht eine der ersten &hellip; <a href=\"https:\/\/www.ffw-lauenstein.de\/?p=3139\" class=\"more-link\"><span class=\"screen-reader-text\">\u201eNeue Kleidung f\u00fcr die Kinderfeuerwehr\u201c <\/span>weiterlesen<\/a><\/p>\n","protected":false},"author":4,"featured_media":0,"comment_status":"closed","ping_status":"open","sticky":false,"template":"","format":"standard","meta":{"ngg_post_thumbnail":0,"footnotes":""},"categories":[17,13],"tags":[],"class_list":["post-3139","post","type-post","status-publish","format-standard","hentry","category-aktuelles","category-sonstiges"],"_links":{"self":[{"href":"https:\/\/www.ffw-lauenstein.de\/index.php?rest_route=\/wp\/v2\/posts\/3139","targetHints":{"allow":["GET"]}}],"collection":[{"href":"https:\/\/www.ffw-lauenstein.de\/index.php?rest_route=\/wp\/v2\/posts"}],"about":[{"href":"https:\/\/www.ffw-lauenstein.de\/index.php?rest_route=\/wp\/v2\/types\/post"}],"author":[{"embeddable":true,"href":"https:\/\/www.ffw-lauenstein.de\/index.php?rest_route=\/wp\/v2\/users\/4"}],"replies":[{"embeddable":true,"href":"https:\/\/www.ffw-lauenstein.de\/index.php?rest_route=%2Fwp%2Fv2%2Fcomments&post=3139"}],"version-history":[{"count":3,"href":"https:\/\/www.ffw-lauenstein.de\/index.php?rest_route=\/wp\/v2\/posts\/3139\/revisions"}],"predecessor-version":[{"id":3147,"href":"https:\/\/www.ffw-lauenstein.de\/index.php?rest_route=\/wp\/v2\/posts\/3139\/revisions\/3147"}],"wp:attachment":[{"href":"https:\/\/www.ffw-lauenstein.de\/index.php?rest_route=%2Fwp%2Fv2%2Fmedia&parent=3139"}],"wp:term":[{"taxonomy":"category","embeddable":true,"href":"https:\/\/www.ffw-lauenstein.de\/index.php?rest_route=%2Fwp%2Fv2%2Fcategories&post=3139"},{"taxonomy":"post_tag","embeddable":true,"href":"https:\/\/www.ffw-lauenstein.de\/index.php?rest_route=%2Fwp%2Fv2%2Ftags&post=3139"}],"curies":[{"name":"wp","href":"https:\/\/api.w.org\/{rel}","templated":true}]}}