{"id":3148,"date":"2018-09-30T12:06:51","date_gmt":"2018-09-30T10:06:51","guid":{"rendered":"http:\/\/www.ffw-lauenstein.de\/?p=3148"},"modified":"2018-09-30T12:06:51","modified_gmt":"2018-09-30T10:06:51","slug":"gemeinsamer-dienst-mit-dem-jugend-drk-bakede","status":"publish","type":"post","link":"https:\/\/www.ffw-lauenstein.de\/?p=3148","title":{"rendered":"Gemeinsamer Dienst mit dem Jugend DRK Bakede"},"content":{"rendered":"<p>Die Jugendfeuerwehr Lauenstein hat beim letzten Dienst vor den Herbstferien den Weg nach Bakede zum Jugend DRK gemacht. Nach einem kleinen kennenlernen untereinander, haben sich die Jugendlichen aus Lauenstein und Bakede in 3 Gruppen aufgeteilt. An mehreren Stationen haben die Jugendlichen vom DRK Ihr Wissen an die Jugendfeuerwehrleute aus Lauenstein weitergegeben. Unteranderem wurden verschiedene Verb\u00e4nde angelegt, die Stabile Seitenlage durchgef\u00fchrt, sowie Fahrzeugkunde an einem Krankentransportwagen vorgenommen. Zus\u00e4tzlich hat man sich den Fahrzeugpark der Bakeder angeschaut. Die Kids haben viel im Bereich der Ersten Hilfe gelernt. Ein weiterer gemeinsamer Dienst ist im n\u00e4chsten Jahr geplant.<\/p>\n<p><a href=\"https:\/\/www.ffw-lauenstein.de\/?attachment_id=3149\" rel=\"attachment wp-att-3149\"><img loading=\"lazy\" decoding=\"async\" src=\"https:\/\/www.ffw-lauenstein.de\/wp-content\/uploads\/2018\/09\/IMG_20180928_180322104-250x141.jpg\" alt=\"\" width=\"250\" height=\"141\" class=\"alignnone size-thumbnail wp-image-3149\" srcset=\"https:\/\/www.ffw-lauenstein.de\/wp-content\/uploads\/2018\/09\/IMG_20180928_180322104-250x141.jpg 250w, https:\/\/www.ffw-lauenstein.de\/wp-content\/uploads\/2018\/09\/IMG_20180928_180322104-850x478.jpg 850w, https:\/\/www.ffw-lauenstein.de\/wp-content\/uploads\/2018\/09\/IMG_20180928_180322104-1200x675.jpg 1200w\" sizes=\"auto, (max-width: 250px) 85vw, 250px\" \/><\/a><\/p>\n<p><a href=\"https:\/\/www.ffw-lauenstein.de\/?attachment_id=3150\" rel=\"attachment wp-att-3150\"><img loading=\"lazy\" decoding=\"async\" src=\"https:\/\/www.ffw-lauenstein.de\/wp-content\/uploads\/2018\/09\/IMG_20180928_182120852-250x141.jpg\" alt=\"\" width=\"250\" height=\"141\" class=\"alignnone size-thumbnail wp-image-3150\" srcset=\"https:\/\/www.ffw-lauenstein.de\/wp-content\/uploads\/2018\/09\/IMG_20180928_182120852-250x141.jpg 250w, https:\/\/www.ffw-lauenstein.de\/wp-content\/uploads\/2018\/09\/IMG_20180928_182120852-850x478.jpg 850w, https:\/\/www.ffw-lauenstein.de\/wp-content\/uploads\/2018\/09\/IMG_20180928_182120852-1200x675.jpg 1200w\" sizes=\"auto, (max-width: 250px) 85vw, 250px\" \/><\/a><\/p>\n<p><a href=\"https:\/\/www.ffw-lauenstein.de\/?attachment_id=3151\" rel=\"attachment wp-att-3151\"><img loading=\"lazy\" decoding=\"async\" src=\"https:\/\/www.ffw-lauenstein.de\/wp-content\/uploads\/2018\/09\/IMG_20180928_183234873-250x141.jpg\" alt=\"\" width=\"250\" height=\"141\" class=\"alignnone size-thumbnail wp-image-3151\" srcset=\"https:\/\/www.ffw-lauenstein.de\/wp-content\/uploads\/2018\/09\/IMG_20180928_183234873-250x141.jpg 250w, https:\/\/www.ffw-lauenstein.de\/wp-content\/uploads\/2018\/09\/IMG_20180928_183234873-850x478.jpg 850w, https:\/\/www.ffw-lauenstein.de\/wp-content\/uploads\/2018\/09\/IMG_20180928_183234873-1200x675.jpg 1200w\" sizes=\"auto, (max-width: 250px) 85vw, 250px\" \/><\/a><\/p>\n<p><a href=\"https:\/\/www.ffw-lauenstein.de\/?attachment_id=3152\" rel=\"attachment wp-att-3152\"><img loading=\"lazy\" decoding=\"async\" src=\"https:\/\/www.ffw-lauenstein.de\/wp-content\/uploads\/2018\/09\/IMG_20180928_184605249-250x141.jpg\" alt=\"\" width=\"250\" height=\"141\" class=\"alignnone size-thumbnail wp-image-3152\" srcset=\"https:\/\/www.ffw-lauenstein.de\/wp-content\/uploads\/2018\/09\/IMG_20180928_184605249-250x141.jpg 250w, https:\/\/www.ffw-lauenstein.de\/wp-content\/uploads\/2018\/09\/IMG_20180928_184605249-850x478.jpg 850w, https:\/\/www.ffw-lauenstein.de\/wp-content\/uploads\/2018\/09\/IMG_20180928_184605249-1200x675.jpg 1200w\" sizes=\"auto, (max-width: 250px) 85vw, 250px\" \/><\/a><\/p>\n<p><a href=\"https:\/\/www.ffw-lauenstein.de\/?attachment_id=3153\" rel=\"attachment wp-att-3153\"><img loading=\"lazy\" decoding=\"async\" src=\"https:\/\/www.ffw-lauenstein.de\/wp-content\/uploads\/2018\/09\/IMG_20180928_184829849-250x141.jpg\" alt=\"\" width=\"250\" height=\"141\" class=\"alignnone size-thumbnail wp-image-3153\" srcset=\"https:\/\/www.ffw-lauenstein.de\/wp-content\/uploads\/2018\/09\/IMG_20180928_184829849-250x141.jpg 250w, https:\/\/www.ffw-lauenstein.de\/wp-content\/uploads\/2018\/09\/IMG_20180928_184829849-850x478.jpg 850w, https:\/\/www.ffw-lauenstein.de\/wp-content\/uploads\/2018\/09\/IMG_20180928_184829849-1200x675.jpg 1200w\" sizes=\"auto, (max-width: 250px) 85vw, 250px\" \/><\/a><\/p>\n","protected":false},"excerpt":{"rendered":"<p>Die Jugendfeuerwehr Lauenstein hat beim letzten Dienst vor den Herbstferien den Weg nach Bakede zum Jugend DRK gemacht. Nach einem kleinen kennenlernen untereinander, haben sich die Jugendlichen aus Lauenstein und &hellip; <a href=\"https:\/\/www.ffw-lauenstein.de\/?p=3148\" class=\"more-link\"><span class=\"screen-reader-text\">\u201eGemeinsamer Dienst mit dem Jugend DRK Bakede\u201c <\/span>weiterlesen<\/a><\/p>\n","protected":false},"author":4,"featured_media":0,"comment_status":"closed","ping_status":"open","sticky":false,"template":"","format":"standard","meta":{"ngg_post_thumbnail":0,"footnotes":""},"categories":[17,13],"tags":[],"class_list":["post-3148","post","type-post","status-publish","format-standard","hentry","category-aktuelles","category-sonstiges"],"_links":{"self":[{"href":"https:\/\/www.ffw-lauenstein.de\/index.php?rest_route=\/wp\/v2\/posts\/3148","targetHints":{"allow":["GET"]}}],"collection":[{"href":"https:\/\/www.ffw-lauenstein.de\/index.php?rest_route=\/wp\/v2\/posts"}],"about":[{"href":"https:\/\/www.ffw-lauenstein.de\/index.php?rest_route=\/wp\/v2\/types\/post"}],"author":[{"embeddable":true,"href":"https:\/\/www.ffw-lauenstein.de\/index.php?rest_route=\/wp\/v2\/users\/4"}],"replies":[{"embeddable":true,"href":"https:\/\/www.ffw-lauenstein.de\/index.php?rest_route=%2Fwp%2Fv2%2Fcomments&post=3148"}],"version-history":[{"count":1,"href":"https:\/\/www.ffw-lauenstein.de\/index.php?rest_route=\/wp\/v2\/posts\/3148\/revisions"}],"predecessor-version":[{"id":3154,"href":"https:\/\/www.ffw-lauenstein.de\/index.php?rest_route=\/wp\/v2\/posts\/3148\/revisions\/3154"}],"wp:attachment":[{"href":"https:\/\/www.ffw-lauenstein.de\/index.php?rest_route=%2Fwp%2Fv2%2Fmedia&parent=3148"}],"wp:term":[{"taxonomy":"category","embeddable":true,"href":"https:\/\/www.ffw-lauenstein.de\/index.php?rest_route=%2Fwp%2Fv2%2Fcategories&post=3148"},{"taxonomy":"post_tag","embeddable":true,"href":"https:\/\/www.ffw-lauenstein.de\/index.php?rest_route=%2Fwp%2Fv2%2Ftags&post=3148"}],"curies":[{"name":"wp","href":"https:\/\/api.w.org\/{rel}","templated":true}]}}