{"id":3155,"date":"2018-09-30T12:30:39","date_gmt":"2018-09-30T10:30:39","guid":{"rendered":"http:\/\/www.ffw-lauenstein.de\/?p=3155"},"modified":"2018-09-30T12:30:49","modified_gmt":"2018-09-30T10:30:49","slug":"viel-spass-beim-kreissternmarsch-in-emmerthal","status":"publish","type":"post","link":"https:\/\/www.ffw-lauenstein.de\/?p=3155","title":{"rendered":"Viel Spa\u00df beim Kreissternmarsch in der Gemeinde Emmerthal"},"content":{"rendered":"<p>Die Jugendfeuerwehr Lauenstein und Hemmendorf haben beim Kreissternmarsch den 48. Platz von insgesamt 57 teilnehmenden Gruppen erreicht. Die gemischte Gruppe ist am Feuerwehrhaus H\u00e4melschenburg gestartet. Hier fand direkt das erste Spiel statt. Beim Erbsenrennen mussten die Kids mit Hilfe eines Strohhalms Erbsen ansaugen und in ein zweites Gef\u00e4\u00df ca. 3m entfernt umlagern. Auf dem mehrere Kilometer langen Marsch zur FTZ Kirchohsen sollten die Kinder 6 Orientierungspunkte finden und diese nach Nummern sortieren. Alle Punkte wurden entdeckt. Au\u00dferdem haben die Jugendlichen auf dem Weg 4 weitere Spiele durchgef\u00fchrt. Darunter Sackh\u00fcpfen, Armaturenpuzzle, Tischdeckenspiel und ein Reifenspiel. Bei sch\u00f6nem Wetter und toller Aussicht haben die Kids viel Spa\u00df gehabt. Um die Zeit bis zur Siegerehrung rumzukriegen wurden an der FTZ mehrere Freizeitaktivit\u00e4ten angeboten. Die neue H\u00fcpfburg und die Triker standen zum Zeitvertreib zur Verf\u00fcgung.<\/p>\n<p><a href=\"https:\/\/www.ffw-lauenstein.de\/?attachment_id=3156\" rel=\"attachment wp-att-3156\"><img loading=\"lazy\" decoding=\"async\" src=\"https:\/\/www.ffw-lauenstein.de\/wp-content\/uploads\/2018\/09\/IMG_20180929_122213335_HDR-250x141.jpg\" alt=\"\" width=\"250\" height=\"141\" class=\"alignnone size-thumbnail wp-image-3156\" srcset=\"https:\/\/www.ffw-lauenstein.de\/wp-content\/uploads\/2018\/09\/IMG_20180929_122213335_HDR-250x141.jpg 250w, https:\/\/www.ffw-lauenstein.de\/wp-content\/uploads\/2018\/09\/IMG_20180929_122213335_HDR-850x478.jpg 850w, https:\/\/www.ffw-lauenstein.de\/wp-content\/uploads\/2018\/09\/IMG_20180929_122213335_HDR-1200x675.jpg 1200w\" sizes=\"auto, (max-width: 250px) 85vw, 250px\" \/><\/a><\/p>\n<p><a href=\"https:\/\/www.ffw-lauenstein.de\/?attachment_id=3159\" rel=\"attachment wp-att-3159\"><img loading=\"lazy\" decoding=\"async\" src=\"https:\/\/www.ffw-lauenstein.de\/wp-content\/uploads\/2018\/09\/IMG_20180929_135842371-250x141.jpg\" alt=\"\" width=\"250\" height=\"141\" class=\"alignnone size-thumbnail wp-image-3159\" srcset=\"https:\/\/www.ffw-lauenstein.de\/wp-content\/uploads\/2018\/09\/IMG_20180929_135842371-250x141.jpg 250w, https:\/\/www.ffw-lauenstein.de\/wp-content\/uploads\/2018\/09\/IMG_20180929_135842371-850x478.jpg 850w, https:\/\/www.ffw-lauenstein.de\/wp-content\/uploads\/2018\/09\/IMG_20180929_135842371-1200x675.jpg 1200w\" sizes=\"auto, (max-width: 250px) 85vw, 250px\" \/><\/a><\/p>\n<p><a href=\"https:\/\/www.ffw-lauenstein.de\/?attachment_id=3160\" rel=\"attachment wp-att-3160\"><img loading=\"lazy\" decoding=\"async\" src=\"https:\/\/www.ffw-lauenstein.de\/wp-content\/uploads\/2018\/09\/IMG_20180929_140843644-250x141.jpg\" alt=\"\" width=\"250\" height=\"141\" class=\"alignnone size-thumbnail wp-image-3160\" srcset=\"https:\/\/www.ffw-lauenstein.de\/wp-content\/uploads\/2018\/09\/IMG_20180929_140843644-250x141.jpg 250w, https:\/\/www.ffw-lauenstein.de\/wp-content\/uploads\/2018\/09\/IMG_20180929_140843644-850x478.jpg 850w, https:\/\/www.ffw-lauenstein.de\/wp-content\/uploads\/2018\/09\/IMG_20180929_140843644-1200x675.jpg 1200w\" sizes=\"auto, (max-width: 250px) 85vw, 250px\" \/><\/a><\/p>\n<p><a href=\"https:\/\/www.ffw-lauenstein.de\/?attachment_id=3161\" rel=\"attachment wp-att-3161\"><img loading=\"lazy\" decoding=\"async\" src=\"https:\/\/www.ffw-lauenstein.de\/wp-content\/uploads\/2018\/09\/IMG_20180929_141103615-250x141.jpg\" alt=\"\" width=\"250\" height=\"141\" class=\"alignnone size-thumbnail wp-image-3161\" srcset=\"https:\/\/www.ffw-lauenstein.de\/wp-content\/uploads\/2018\/09\/IMG_20180929_141103615-250x141.jpg 250w, https:\/\/www.ffw-lauenstein.de\/wp-content\/uploads\/2018\/09\/IMG_20180929_141103615-850x478.jpg 850w, https:\/\/www.ffw-lauenstein.de\/wp-content\/uploads\/2018\/09\/IMG_20180929_141103615-1200x675.jpg 1200w\" sizes=\"auto, (max-width: 250px) 85vw, 250px\" \/><\/a><\/p>\n<p><a href=\"https:\/\/www.ffw-lauenstein.de\/?attachment_id=3162\" rel=\"attachment wp-att-3162\"><img loading=\"lazy\" decoding=\"async\" src=\"https:\/\/www.ffw-lauenstein.de\/wp-content\/uploads\/2018\/09\/IMG_20180929_141247205-250x141.jpg\" alt=\"\" width=\"250\" height=\"141\" class=\"alignnone size-thumbnail wp-image-3162\" srcset=\"https:\/\/www.ffw-lauenstein.de\/wp-content\/uploads\/2018\/09\/IMG_20180929_141247205-250x141.jpg 250w, https:\/\/www.ffw-lauenstein.de\/wp-content\/uploads\/2018\/09\/IMG_20180929_141247205-850x478.jpg 850w, https:\/\/www.ffw-lauenstein.de\/wp-content\/uploads\/2018\/09\/IMG_20180929_141247205-1200x675.jpg 1200w\" sizes=\"auto, (max-width: 250px) 85vw, 250px\" \/><\/a><\/p>\n<p><a href=\"https:\/\/www.ffw-lauenstein.de\/?attachment_id=3163\" rel=\"attachment wp-att-3163\"><img loading=\"lazy\" decoding=\"async\" src=\"https:\/\/www.ffw-lauenstein.de\/wp-content\/uploads\/2018\/09\/IMG_20180929_143232772-250x141.jpg\" alt=\"\" width=\"250\" height=\"141\" class=\"alignnone size-thumbnail wp-image-3163\" srcset=\"https:\/\/www.ffw-lauenstein.de\/wp-content\/uploads\/2018\/09\/IMG_20180929_143232772-250x141.jpg 250w, https:\/\/www.ffw-lauenstein.de\/wp-content\/uploads\/2018\/09\/IMG_20180929_143232772-850x478.jpg 850w, https:\/\/www.ffw-lauenstein.de\/wp-content\/uploads\/2018\/09\/IMG_20180929_143232772-1200x675.jpg 1200w\" sizes=\"auto, (max-width: 250px) 85vw, 250px\" \/><\/a><\/p>\n","protected":false},"excerpt":{"rendered":"<p>Die Jugendfeuerwehr Lauenstein und Hemmendorf haben beim Kreissternmarsch den 48. Platz von insgesamt 57 teilnehmenden Gruppen erreicht. Die gemischte Gruppe ist am Feuerwehrhaus H\u00e4melschenburg gestartet. Hier fand direkt das erste &hellip; <a href=\"https:\/\/www.ffw-lauenstein.de\/?p=3155\" class=\"more-link\"><span class=\"screen-reader-text\">\u201eViel Spa\u00df beim Kreissternmarsch in der Gemeinde Emmerthal\u201c <\/span>weiterlesen<\/a><\/p>\n","protected":false},"author":4,"featured_media":0,"comment_status":"closed","ping_status":"open","sticky":false,"template":"","format":"standard","meta":{"ngg_post_thumbnail":0,"footnotes":""},"categories":[17,13],"tags":[],"class_list":["post-3155","post","type-post","status-publish","format-standard","hentry","category-aktuelles","category-sonstiges"],"_links":{"self":[{"href":"https:\/\/www.ffw-lauenstein.de\/index.php?rest_route=\/wp\/v2\/posts\/3155","targetHints":{"allow":["GET"]}}],"collection":[{"href":"https:\/\/www.ffw-lauenstein.de\/index.php?rest_route=\/wp\/v2\/posts"}],"about":[{"href":"https:\/\/www.ffw-lauenstein.de\/index.php?rest_route=\/wp\/v2\/types\/post"}],"author":[{"embeddable":true,"href":"https:\/\/www.ffw-lauenstein.de\/index.php?rest_route=\/wp\/v2\/users\/4"}],"replies":[{"embeddable":true,"href":"https:\/\/www.ffw-lauenstein.de\/index.php?rest_route=%2Fwp%2Fv2%2Fcomments&post=3155"}],"version-history":[{"count":2,"href":"https:\/\/www.ffw-lauenstein.de\/index.php?rest_route=\/wp\/v2\/posts\/3155\/revisions"}],"predecessor-version":[{"id":3165,"href":"https:\/\/www.ffw-lauenstein.de\/index.php?rest_route=\/wp\/v2\/posts\/3155\/revisions\/3165"}],"wp:attachment":[{"href":"https:\/\/www.ffw-lauenstein.de\/index.php?rest_route=%2Fwp%2Fv2%2Fmedia&parent=3155"}],"wp:term":[{"taxonomy":"category","embeddable":true,"href":"https:\/\/www.ffw-lauenstein.de\/index.php?rest_route=%2Fwp%2Fv2%2Fcategories&post=3155"},{"taxonomy":"post_tag","embeddable":true,"href":"https:\/\/www.ffw-lauenstein.de\/index.php?rest_route=%2Fwp%2Fv2%2Ftags&post=3155"}],"curies":[{"name":"wp","href":"https:\/\/api.w.org\/{rel}","templated":true}]}}