{"id":3180,"date":"2018-10-29T21:06:24","date_gmt":"2018-10-29T19:06:24","guid":{"rendered":"http:\/\/www.ffw-lauenstein.de\/?p=3180"},"modified":"2018-10-29T21:07:26","modified_gmt":"2018-10-29T19:07:26","slug":"jugendliche-aus-lauenstein-erwerben-hoechsten-auszeichnung-der-jugendfeuerwehr","status":"publish","type":"post","link":"https:\/\/www.ffw-lauenstein.de\/?p=3180","title":{"rendered":"Jugendliche aus Lauenstein erwerben die h\u00f6chste Auszeichnung der Jugendfeuerwehr"},"content":{"rendered":"<p>Nach wochenlangem \u00dcben haben es Alexandra und Florian endlich geschafft. Die Beiden haben die h\u00f6chste Auszeichnung der Jugendfeuerwehr erworben. Um diese Auszeichnung zu erlangen, wurden viele Nerven und Zeit investiert. Bereits im August und September wurden sechs Wochen lang, 2x die Woche ge\u00fcbt. Beim ersten Versuch Mitte September in Bodenwerder hat man noch &#8222;Lehrgeld&#8220; bezahlt. Ganz knapp haben die Beiden und Ihre sieben Gruppenmitglieder die Disziplinen Kugelsto\u00dfen und Staffellauf nicht geschafft. Ende Oktober dann der zweite Versuch. Nachdem man sich an drei weiteren \u00dcbungsdiensten getroffen hat, ging es am Sonntag den 28.10.2018 in den Landkreis Diepholz. Hier f\u00fcr mussten die Kids der Gemeindejugendfeuerwehr Salzhemmendorf fr\u00fch ausfstehen. Da man eine lange Anfahrt nach Brinkum hatte, fuhren die Jugendlichen mit Ihren Betreuern bereits um 06:00 Uhr los. Am Abnahmeort angekommen, haben sich die Jugendlichen zusammengerissen und Ihre Leistung abgerufen. Wie es in der Feuerwehr \u00fcblich ist, wird Teamgeist und Gruppenarbeit gro\u00df geschrieben. Dies haben die Jugendlichen bei der Abnhame unter Beweis gestellt. Die feuerwehrtechnischen Aufgaben L\u00f6schangriff und Fragen wurden erfolgreich gemeistert. Ebenfalls die sportlichen Disziplinen aus einem 1500m langen Staffellauf, dem Kugelsto\u00dfen und einer Schlauchstafette haben die Jugendlichen mit einer super Gruppenleistung geschafft. Nun k\u00f6nnen alle die h\u00f6chste Auszeichnung der Jugendfeuerwehr stolz auf Ihrer Uniform tragen.<\/p>\n","protected":false},"excerpt":{"rendered":"<p>Nach wochenlangem \u00dcben haben es Alexandra und Florian endlich geschafft. Die Beiden haben die h\u00f6chste Auszeichnung der Jugendfeuerwehr erworben. Um diese Auszeichnung zu erlangen, wurden viele Nerven und Zeit investiert. &hellip; <a href=\"https:\/\/www.ffw-lauenstein.de\/?p=3180\" class=\"more-link\"><span class=\"screen-reader-text\">\u201eJugendliche aus Lauenstein erwerben die h\u00f6chste Auszeichnung der Jugendfeuerwehr\u201c <\/span>weiterlesen<\/a><\/p>\n","protected":false},"author":4,"featured_media":0,"comment_status":"closed","ping_status":"open","sticky":false,"template":"","format":"standard","meta":{"ngg_post_thumbnail":0,"footnotes":""},"categories":[17,13],"tags":[],"class_list":["post-3180","post","type-post","status-publish","format-standard","hentry","category-aktuelles","category-sonstiges"],"_links":{"self":[{"href":"https:\/\/www.ffw-lauenstein.de\/index.php?rest_route=\/wp\/v2\/posts\/3180","targetHints":{"allow":["GET"]}}],"collection":[{"href":"https:\/\/www.ffw-lauenstein.de\/index.php?rest_route=\/wp\/v2\/posts"}],"about":[{"href":"https:\/\/www.ffw-lauenstein.de\/index.php?rest_route=\/wp\/v2\/types\/post"}],"author":[{"embeddable":true,"href":"https:\/\/www.ffw-lauenstein.de\/index.php?rest_route=\/wp\/v2\/users\/4"}],"replies":[{"embeddable":true,"href":"https:\/\/www.ffw-lauenstein.de\/index.php?rest_route=%2Fwp%2Fv2%2Fcomments&post=3180"}],"version-history":[{"count":2,"href":"https:\/\/www.ffw-lauenstein.de\/index.php?rest_route=\/wp\/v2\/posts\/3180\/revisions"}],"predecessor-version":[{"id":3182,"href":"https:\/\/www.ffw-lauenstein.de\/index.php?rest_route=\/wp\/v2\/posts\/3180\/revisions\/3182"}],"wp:attachment":[{"href":"https:\/\/www.ffw-lauenstein.de\/index.php?rest_route=%2Fwp%2Fv2%2Fmedia&parent=3180"}],"wp:term":[{"taxonomy":"category","embeddable":true,"href":"https:\/\/www.ffw-lauenstein.de\/index.php?rest_route=%2Fwp%2Fv2%2Fcategories&post=3180"},{"taxonomy":"post_tag","embeddable":true,"href":"https:\/\/www.ffw-lauenstein.de\/index.php?rest_route=%2Fwp%2Fv2%2Ftags&post=3180"}],"curies":[{"name":"wp","href":"https:\/\/api.w.org\/{rel}","templated":true}]}}