{"id":3215,"date":"2018-12-01T13:52:50","date_gmt":"2018-12-01T11:52:50","guid":{"rendered":"http:\/\/www.ffw-lauenstein.de\/?p=3215"},"modified":"2018-12-01T13:56:08","modified_gmt":"2018-12-01T11:56:08","slug":"adventsmarkt-mit-fackelumzug-in-salzhemmendorf","status":"publish","type":"post","link":"https:\/\/www.ffw-lauenstein.de\/?p=3215","title":{"rendered":"Adventsmarkt mit Fackelumzug in Salzhemmendorf"},"content":{"rendered":"<p>In diesem Jahr war die Ortsfeuerwehr Lauenstein wieder beim Adventsmarkt unserer Nachbarn aus Salzhemmendorf vertreten. Traditionell nehmen wir am Fackelumzug quer durch Salzhemmendorf teil. W\u00e4hrend die Einsatzabteilung der Lauensteiner den Fackelumzug mit Feuerwehrfahrzeugen und Stra\u00dfensperrungen sicherte, ging die Jugendfeuerwehr beim Umzug mit. Anschlie\u00dfend gab es zur St\u00e4rkung etwas zu Essen und Trinken. Wie jedes Jahr bedanken wir uns bei den Salzhemmendorfern f\u00fcr die Gastfreundschaft und w\u00fcnschen dem Adventsmarkt weiterhin einen guten Verlauf. Denn auch heute ist der Adventsmarkt ge\u00f6ffnet.<\/p>\n<p><a href=\"https:\/\/www.ffw-lauenstein.de\/?attachment_id=3216\" rel=\"attachment wp-att-3216\"><img loading=\"lazy\" decoding=\"async\" src=\"https:\/\/www.ffw-lauenstein.de\/wp-content\/uploads\/2018\/12\/IMG-20181130-WA0005-250x141.jpg\" alt=\"\" width=\"250\" height=\"141\" class=\"alignnone size-thumbnail wp-image-3216\" \/><\/a><\/p>\n<p><a href=\"https:\/\/www.ffw-lauenstein.de\/?attachment_id=3217\" rel=\"attachment wp-att-3217\"><img loading=\"lazy\" decoding=\"async\" src=\"https:\/\/www.ffw-lauenstein.de\/wp-content\/uploads\/2018\/12\/IMG-20181130-WA0009-250x141.jpg\" alt=\"\" width=\"250\" height=\"141\" class=\"alignnone size-thumbnail wp-image-3217\" \/><\/a><\/p>\n<p><a href=\"https:\/\/www.ffw-lauenstein.de\/?attachment_id=3218\" rel=\"attachment wp-att-3218\"><img loading=\"lazy\" decoding=\"async\" src=\"https:\/\/www.ffw-lauenstein.de\/wp-content\/uploads\/2018\/12\/IMG-20181130-WA0010-250x141.jpg\" alt=\"\" width=\"250\" height=\"141\" class=\"alignnone size-thumbnail wp-image-3218\" \/><\/a><\/p>\n","protected":false},"excerpt":{"rendered":"<p>In diesem Jahr war die Ortsfeuerwehr Lauenstein wieder beim Adventsmarkt unserer Nachbarn aus Salzhemmendorf vertreten. Traditionell nehmen wir am Fackelumzug quer durch Salzhemmendorf teil. W\u00e4hrend die Einsatzabteilung der Lauensteiner den &hellip; <a href=\"https:\/\/www.ffw-lauenstein.de\/?p=3215\" class=\"more-link\"><span class=\"screen-reader-text\">\u201eAdventsmarkt mit Fackelumzug in Salzhemmendorf\u201c <\/span>weiterlesen<\/a><\/p>\n","protected":false},"author":4,"featured_media":0,"comment_status":"closed","ping_status":"open","sticky":false,"template":"","format":"standard","meta":{"ngg_post_thumbnail":0,"footnotes":""},"categories":[17,13],"tags":[],"class_list":["post-3215","post","type-post","status-publish","format-standard","hentry","category-aktuelles","category-sonstiges"],"_links":{"self":[{"href":"https:\/\/www.ffw-lauenstein.de\/index.php?rest_route=\/wp\/v2\/posts\/3215","targetHints":{"allow":["GET"]}}],"collection":[{"href":"https:\/\/www.ffw-lauenstein.de\/index.php?rest_route=\/wp\/v2\/posts"}],"about":[{"href":"https:\/\/www.ffw-lauenstein.de\/index.php?rest_route=\/wp\/v2\/types\/post"}],"author":[{"embeddable":true,"href":"https:\/\/www.ffw-lauenstein.de\/index.php?rest_route=\/wp\/v2\/users\/4"}],"replies":[{"embeddable":true,"href":"https:\/\/www.ffw-lauenstein.de\/index.php?rest_route=%2Fwp%2Fv2%2Fcomments&post=3215"}],"version-history":[{"count":2,"href":"https:\/\/www.ffw-lauenstein.de\/index.php?rest_route=\/wp\/v2\/posts\/3215\/revisions"}],"predecessor-version":[{"id":3220,"href":"https:\/\/www.ffw-lauenstein.de\/index.php?rest_route=\/wp\/v2\/posts\/3215\/revisions\/3220"}],"wp:attachment":[{"href":"https:\/\/www.ffw-lauenstein.de\/index.php?rest_route=%2Fwp%2Fv2%2Fmedia&parent=3215"}],"wp:term":[{"taxonomy":"category","embeddable":true,"href":"https:\/\/www.ffw-lauenstein.de\/index.php?rest_route=%2Fwp%2Fv2%2Fcategories&post=3215"},{"taxonomy":"post_tag","embeddable":true,"href":"https:\/\/www.ffw-lauenstein.de\/index.php?rest_route=%2Fwp%2Fv2%2Ftags&post=3215"}],"curies":[{"name":"wp","href":"https:\/\/api.w.org\/{rel}","templated":true}]}}