{"id":3346,"date":"2019-01-10T16:49:00","date_gmt":"2019-01-10T14:49:00","guid":{"rendered":"https:\/\/www.ffw-lauenstein.de\/?p=3346"},"modified":"2019-01-10T16:49:00","modified_gmt":"2019-01-10T14:49:00","slug":"pkw-im-graben","status":"publish","type":"post","link":"https:\/\/www.ffw-lauenstein.de\/?p=3346","title":{"rendered":"PKW im Graben"},"content":{"rendered":"<p>Die Freiwillige Feuerwehr Lauenstein wurde am 09.01.2019 um 06:46 Uhr zu einem Verkehrsunfall mit ausgelaufenen Betriebsmitteln alarmiert. An der Einsatzstelle in der Ithstra\u00dfe angekommen hat man sich erstmal ein Bild der Lage gemacht. Parallel wurde der Verkehr um den Unfallstellenbereich geleitet. Ersthelfer haben den Fahrer des PKW\u00b4s bereits betreut und Ihm aus dem Unfallwagen geholfen. Nach eintreffen des RTW\u00b4s, aus der Hemmendorfer Wache, haben sich die Rettungssanit\u00e4ter weiter um den Fahrer gek\u00fcmmert. Es konnten zum Gl\u00fcck keine schlimmen Verletzungen festgestellt werden. Die Polizei hat die Unfallursachenermittlung aufgenommen. Nach dem der PKW mit einem Abschleppdienst aus dem Graben geholt wurde, haben die Feuerwehrleute kontrolliert ob ausgelaufene Betriebsmittel im Erdreich versickert sind. Dies wurde nicht festgestellt. Daher konnten die Freiwilligen Feuerwehrleute um 08:22 Uhr wieder einr\u00fccken und Ihre T\u00e4tigkeit auf Ihren Arbeitsstellen antreten.<\/p>\n","protected":false},"excerpt":{"rendered":"<p>Die Freiwillige Feuerwehr Lauenstein wurde am 09.01.2019 um 06:46 Uhr zu einem Verkehrsunfall mit ausgelaufenen Betriebsmitteln alarmiert. An der Einsatzstelle in der Ithstra\u00dfe angekommen hat man sich erstmal ein Bild &hellip; <a href=\"https:\/\/www.ffw-lauenstein.de\/?p=3346\" class=\"more-link\"><span class=\"screen-reader-text\">\u201ePKW im Graben\u201c <\/span>weiterlesen<\/a><\/p>\n","protected":false},"author":4,"featured_media":0,"comment_status":"closed","ping_status":"open","sticky":false,"template":"","format":"standard","meta":{"ngg_post_thumbnail":0,"footnotes":""},"categories":[1],"tags":[],"class_list":["post-3346","post","type-post","status-publish","format-standard","hentry","category-veranstaltungen"],"_links":{"self":[{"href":"https:\/\/www.ffw-lauenstein.de\/index.php?rest_route=\/wp\/v2\/posts\/3346","targetHints":{"allow":["GET"]}}],"collection":[{"href":"https:\/\/www.ffw-lauenstein.de\/index.php?rest_route=\/wp\/v2\/posts"}],"about":[{"href":"https:\/\/www.ffw-lauenstein.de\/index.php?rest_route=\/wp\/v2\/types\/post"}],"author":[{"embeddable":true,"href":"https:\/\/www.ffw-lauenstein.de\/index.php?rest_route=\/wp\/v2\/users\/4"}],"replies":[{"embeddable":true,"href":"https:\/\/www.ffw-lauenstein.de\/index.php?rest_route=%2Fwp%2Fv2%2Fcomments&post=3346"}],"version-history":[{"count":1,"href":"https:\/\/www.ffw-lauenstein.de\/index.php?rest_route=\/wp\/v2\/posts\/3346\/revisions"}],"predecessor-version":[{"id":3347,"href":"https:\/\/www.ffw-lauenstein.de\/index.php?rest_route=\/wp\/v2\/posts\/3346\/revisions\/3347"}],"wp:attachment":[{"href":"https:\/\/www.ffw-lauenstein.de\/index.php?rest_route=%2Fwp%2Fv2%2Fmedia&parent=3346"}],"wp:term":[{"taxonomy":"category","embeddable":true,"href":"https:\/\/www.ffw-lauenstein.de\/index.php?rest_route=%2Fwp%2Fv2%2Fcategories&post=3346"},{"taxonomy":"post_tag","embeddable":true,"href":"https:\/\/www.ffw-lauenstein.de\/index.php?rest_route=%2Fwp%2Fv2%2Ftags&post=3346"}],"curies":[{"name":"wp","href":"https:\/\/api.w.org\/{rel}","templated":true}]}}