{"id":3356,"date":"2019-01-20T18:08:37","date_gmt":"2019-01-20T16:08:37","guid":{"rendered":"https:\/\/www.ffw-lauenstein.de\/?p=3356"},"modified":"2019-01-20T18:10:23","modified_gmt":"2019-01-20T16:10:23","slug":"jahreshauptversammlung-der-jugendfeuerwehr-lauenstein","status":"publish","type":"post","link":"https:\/\/www.ffw-lauenstein.de\/?p=3356","title":{"rendered":"Jahreshauptversammlung der Jugendfeuerwehr Lauenstein"},"content":{"rendered":"<p>Die Jugendfeuerwehr Lauenstein hat am 18.01.2019 Ihre Jahreshauptversammlung im Feuerwehrhaus Lauenstein durchgef\u00fchrt. Hier zu wurden die Jugendlichen und Ihre Eltern eingeladen. Als G\u00e4ste waren die beiden Ortsbrandmeister, der Kreisjugendfeuerwehrwart und der stellvertretende Gemeindejugendfeuerwehrwart anwesend.&nbsp; Der Aufenthaltsraum des Feuerwehrhauses war gut gef\u00fcllt. Jugendwart Jens Brock stellte seinen Jahresbericht 2018 vor. Die 11&nbsp;Mitglieder der&nbsp;Jugendfeuerwehr Lauenstein haben sich im Jahr 2018 zu insgesamt 79 \u00dcbungsdiensten und anderen Veranstaltungen getroffen. Dabei wurden insgesamt 195 Dienststunden in der feuerwehrtechnischen Ausbildung und der allgemeinen Jugendarbeit geleistet. Zus\u00e4tzlich kommen noch 6 Tage Zeltlager und Fahrten hinzu. So dass die Jugendlichen insgesamt ca. 1499 Gesamtstunden geleistet haben. Am meisten Stunden hat Florian auf seinem Konto.&nbsp; Die Jugendfeuerwehr Lauenstein hat im Jahr 2018 an vielen verschiedenen Veranstaltungen auf Orts-, Gemeinde-, und Kreisebene teilgenommen oder war selbst Ausrichter. Das Highlight war das traditionelle Pfingstzeltlager beim Naturfreundehaus mit der Partnerjugendfeuerwehr Schmerzke. Hier zu hat der Gruppenf\u00fchrer Julian einen Bericht vorgetragen. Die erlernten F\u00e4higkeiten haben Justin und Alexandra bei der Jugendflamme Teil 1 unter Beweis gestellt. Florian und Alexandra haben zu dem auch die h\u00f6chste Auszeichnung in der Jugendfeuerwehr, die Leistungsspange, erworben. Lilly und&nbsp;Jan-Luca wurden von der Kinderfeuerwehr in die Jugendfeuerwehr \u00fcbernommen.&nbsp;Bei den Wahlen wurde Julian wieder zum Gruppenf\u00fchrer und Florian zu seinem Stellvertreter gew\u00e4hlt. Alexandra vertritt die Jugendfeuerwehr beim Jugendforum. Im Jahr 2019 sind neben Spiel, Spa\u00df und Spannung wieder viele Veranstaltungen geplant. Unteranderem der Kinderkarneval, das Feuerwehrfest mit Kinderfest, das einw\u00f6chige Gemeindezeltlager an der Nordsee in Otterndorf und ein Ausflug in den Movie Park. Nach dem die G\u00e4ste einige Gru\u00dfworte verrichtet haben bedanke sich Jugendwart Jens Brock f\u00fcr die viele Unterst\u00fctzung in der Jugendarbeit. Im Anschluss wurde ein kleiner Snack gereicht. Dabei wurden einige Fotos aus dem letzten Jahr&nbsp;gezeigt.<a href=\"https:\/\/www.ffw-lauenstein.de\/?attachment_id=3357\" rel=\"attachment wp-att-3357\"><img loading=\"lazy\" decoding=\"async\" width=\"250\" height=\"141\" class=\"alignnone size-thumbnail wp-image-3357\" alt=\"\" src=\"https:\/\/www.ffw-lauenstein.de\/wp-content\/uploads\/2019\/01\/IMG-20190118-WA0003-250x141.jpg\" srcset=\"https:\/\/www.ffw-lauenstein.de\/wp-content\/uploads\/2019\/01\/IMG-20190118-WA0003-250x141.jpg 250w, https:\/\/www.ffw-lauenstein.de\/wp-content\/uploads\/2019\/01\/IMG-20190118-WA0003-850x478.jpg 850w, https:\/\/www.ffw-lauenstein.de\/wp-content\/uploads\/2019\/01\/IMG-20190118-WA0003-1200x675.jpg 1200w\" sizes=\"auto, (max-width: 250px) 85vw, 250px\" \/><\/a> <a href=\"https:\/\/www.ffw-lauenstein.de\/?attachment_id=3358\" rel=\"attachment wp-att-3358\"><img loading=\"lazy\" decoding=\"async\" width=\"250\" height=\"141\" class=\"alignnone size-thumbnail wp-image-3358\" alt=\"\" src=\"https:\/\/www.ffw-lauenstein.de\/wp-content\/uploads\/2019\/01\/IMG-20190119-WA0002-250x141.jpg\" srcset=\"https:\/\/www.ffw-lauenstein.de\/wp-content\/uploads\/2019\/01\/IMG-20190119-WA0002-250x141.jpg 250w, https:\/\/www.ffw-lauenstein.de\/wp-content\/uploads\/2019\/01\/IMG-20190119-WA0002-850x478.jpg 850w\" sizes=\"auto, (max-width: 250px) 85vw, 250px\" \/><\/a><\/p>\n","protected":false},"excerpt":{"rendered":"<p>Die Jugendfeuerwehr Lauenstein hat am 18.01.2019 Ihre Jahreshauptversammlung im Feuerwehrhaus Lauenstein durchgef\u00fchrt. Hier zu wurden die Jugendlichen und Ihre Eltern eingeladen. Als G\u00e4ste waren die beiden Ortsbrandmeister, der Kreisjugendfeuerwehrwart und &hellip; <a href=\"https:\/\/www.ffw-lauenstein.de\/?p=3356\" class=\"more-link\"><span class=\"screen-reader-text\">\u201eJahreshauptversammlung der Jugendfeuerwehr Lauenstein\u201c <\/span>weiterlesen<\/a><\/p>\n","protected":false},"author":4,"featured_media":0,"comment_status":"closed","ping_status":"open","sticky":false,"template":"","format":"standard","meta":{"ngg_post_thumbnail":0,"footnotes":""},"categories":[17,1],"tags":[],"class_list":["post-3356","post","type-post","status-publish","format-standard","hentry","category-aktuelles","category-veranstaltungen"],"_links":{"self":[{"href":"https:\/\/www.ffw-lauenstein.de\/index.php?rest_route=\/wp\/v2\/posts\/3356","targetHints":{"allow":["GET"]}}],"collection":[{"href":"https:\/\/www.ffw-lauenstein.de\/index.php?rest_route=\/wp\/v2\/posts"}],"about":[{"href":"https:\/\/www.ffw-lauenstein.de\/index.php?rest_route=\/wp\/v2\/types\/post"}],"author":[{"embeddable":true,"href":"https:\/\/www.ffw-lauenstein.de\/index.php?rest_route=\/wp\/v2\/users\/4"}],"replies":[{"embeddable":true,"href":"https:\/\/www.ffw-lauenstein.de\/index.php?rest_route=%2Fwp%2Fv2%2Fcomments&post=3356"}],"version-history":[{"count":3,"href":"https:\/\/www.ffw-lauenstein.de\/index.php?rest_route=\/wp\/v2\/posts\/3356\/revisions"}],"predecessor-version":[{"id":3361,"href":"https:\/\/www.ffw-lauenstein.de\/index.php?rest_route=\/wp\/v2\/posts\/3356\/revisions\/3361"}],"wp:attachment":[{"href":"https:\/\/www.ffw-lauenstein.de\/index.php?rest_route=%2Fwp%2Fv2%2Fmedia&parent=3356"}],"wp:term":[{"taxonomy":"category","embeddable":true,"href":"https:\/\/www.ffw-lauenstein.de\/index.php?rest_route=%2Fwp%2Fv2%2Fcategories&post=3356"},{"taxonomy":"post_tag","embeddable":true,"href":"https:\/\/www.ffw-lauenstein.de\/index.php?rest_route=%2Fwp%2Fv2%2Ftags&post=3356"}],"curies":[{"name":"wp","href":"https:\/\/api.w.org\/{rel}","templated":true}]}}